{"id":4084,"date":"2025-12-03T07:45:24","date_gmt":"2025-12-03T12:45:24","guid":{"rendered":"https:\/\/ij-alliance.com\/informatevelatam\/?p=4084"},"modified":"2025-12-10T13:45:45","modified_gmt":"2025-12-10T18:45:45","slug":"adviento-santa-misa-liturgia-de-la-palabra-y-santo-rosario-de-hoy-miercoles-de-la-i-semana-de-adviento-03012025","status":"publish","type":"post","link":"https:\/\/ij-alliance.com\/informatevelatam\/adviento-santa-misa-liturgia-de-la-palabra-y-santo-rosario-de-hoy-miercoles-de-la-i-semana-de-adviento-03012025\/","title":{"rendered":"Adviento \u2013 Santa Misa, Liturgia de la Palabra y Santo Rosario de hoy Mi\u00e9rcoles de la I Semana de Adviento 03012025"},"content":{"rendered":"<h3><\/h3>\n<h3>Santa Misa presidida por el Presb\u00edtero \u00a0Jos\u00e9 Arturo L\u00f3pez Cornejo, desde la Iglesia de El Calvario, Pueblo de Topiltepec, estado de Guerrero, M\u00e9xico.<\/h3>\n<p>&nbsp;<\/p>\n<p><iframe title=\"YouTube video player\" src=\"https:\/\/www.youtube.com\/embed\/WWlAr0ZVKos?si=abag8jXXuCG6kD92\" width=\"560\" height=\"315\" frameborder=\"0\" allowfullscreen=\"allowfullscreen\"><\/iframe><\/p>\n<p>&nbsp;<\/p>\n<h3>Liturgia de la Palabra del Mi\u00e9rcoles de la I Semana de Adviento.<\/h3>\n<p>&nbsp;<\/p>\n<p>&nbsp;<\/p>\n<p><strong>Compartido por el P. Roberto Rodr\u00edguez, Rector del\u00a0<a href=\"https:\/\/seminariomayor.org\/seminar\/\" target=\"_blank\" rel=\"noopener\">Seminario Mayor de Guayaquil \u00abFrancisco Xavier de Garaycoa\u00bb<\/a><\/strong><\/p>\n<p>&nbsp;<\/p>\n<h4>Lectura del libro de Isa\u00edas 25, 6-10a.<\/h4>\n<p>&nbsp;<\/p>\n<p>En aquel d\u00eda, preparar\u00e1 el Se\u00f1or del universo para todos los pueblos,<br \/>\nen este monte, un fest\u00edn de manjares suculentos,<br \/>\nun fest\u00edn de vinos de solera;<br \/>\nmanjares exquisitos, vinos refinados.<br \/>\nY arrancar\u00e1 en este monte<br \/>\nel velo que cubre a todos los pueblos,<br \/>\nel lienzo extendido sobre a todas las naciones.<br \/>\nAniquilar\u00e1 la muerte para siempre.<br \/>\nDios, el Se\u00f1or, enjugar\u00e1 las l\u00e1grimas de todos los rostros,<br \/>\ny alejar\u00e1 del pa\u00eds el oprobio de su pueblo<br \/>\n\u2014lo ha dicho el Se\u00f1or\u2014.<br \/>\nAquel d\u00eda se dir\u00e1: \u00abAqu\u00ed est\u00e1 nuestro Dios.<br \/>\nEsper\u00e1bamos en \u00e9l y nos ha salvado.<br \/>\nEste es el Se\u00f1or en quien esperamos.<br \/>\nCelebremos y gocemos con su salvaci\u00f3n,<br \/>\nporque reposar\u00e1 sobre este monte la mano del Se\u00f1or\u00bb.<\/p>\n<p><strong>Palabra de Dios.<\/strong><\/p>\n<p><strong>Te alabamos Se\u00f1or.<\/strong><\/p>\n<p>&nbsp;<\/p>\n<h5>Reflexi\u00f3n de la Primera Lectura<\/h5>\n<p>&nbsp;<\/p>\n<p>El tiempo mesi\u00e1nico es una tiempo de salvaci\u00f3n. Es la oportunidad que Dios nos da para ser salvados; es el tiempo esperado para que las tinieblas del pecado, que obstruyen nuestra visi\u00f3n y que no nos dejan ver la realidad como es verdaderamente, sean disipadas por la Luz del \u00abSe\u00f1or que viene\u00bb. Esta era la esperanza de Israel y es \u00abo debe ser\u00bb una realidad para cada uno de nosotros. El Adviento nos recuerda que el tiempo mesi\u00e1nico ya es una realidad, pues el nacimiento de Jes\u00fas lo ha inaugurado. Debemos dejar que Dios mismo, por medio del Esp\u00edritu Santo, vaya arrancando de nuestra vida el velo que distorsiona nuestra visi\u00f3n, sobre todo, dentro de nuestra familia, en donde a veces juzgamos a la esposa o al esposo, a los hermanos o a los padres, de manera incorrecta. El tiempo de Adviento es un tiempo para abrir nuestros ojos a la bondad y, sobre todo, a la comprensi\u00f3n, solo as\u00ed el tiempo mesi\u00e1nico se realizar\u00e1 plenamente en nuestro medio.<\/p>\n<p>&nbsp;<\/p>\n<h4>Salmo 22, 1-6<\/h4>\n<h4><\/h4>\n<p>&nbsp;<\/p>\n<h4>R\/. Habitar\u00e9 en la casa del Se\u00f1or por a\u00f1os sin t\u00e9rmino.<\/h4>\n<p>&nbsp;<\/p>\n<p>V\/. El Se\u00f1or es mi pastor, nada me falta:<br \/>\nen verdes praderas me hace recostar;<br \/>\nme conduce hacia fuentes tranquilas<br \/>\ny repara mis fuerzas. R\/.<\/p>\n<p>V\/. Me gu\u00eda por el sendero justo,<br \/>\npor el honor de su nombre.<br \/>\nAunque camine por ca\u00f1adas oscuras,<br \/>\nnada temo, porque t\u00fa vas conmigo:<br \/>\ntu vara y tu cayado me sosiegan. R\/.<\/p>\n<p>V\/. Preparas una mesa ante m\u00ed,<br \/>\nenfrente de mis enemigos;<br \/>\nme unges la cabeza con perfume,<br \/>\ny mi copa rebosa. R\/.<\/p>\n<p>V\/. Tu bondad y tu misericordia me acompa\u00f1an<br \/>\ntodos los d\u00edas de mi vida,<br \/>\ny habitar\u00e9 en la casa del Se\u00f1or<br \/>\npor a\u00f1os sin t\u00e9rmino. R\/.<\/p>\n<p>&nbsp;<\/p>\n<h4>Lectura del Santo Evangelio seg\u00fan San Mateo 15, 29-37.<\/h4>\n<p>&nbsp;<\/p>\n<p>En aquel tiempo, lleg\u00f3 Jes\u00fas a la orilla del mar de Galilea, subi\u00f3 al monte y se sent\u00f3. Acudi\u00f3 a \u00e9l mucha gente, que llevaba consigo tullidos, ciegos, lisiados, sordomudos y muchos otros enfermos. Los tendieron a sus pies y \u00e9l los cur\u00f3. La gente se llen\u00f3 de admiraci\u00f3n, al ver que los lisiados estaban curados, que los ciegos ve\u00edan, que los mudos hablaban y los tullidos caminaban; por lo que glorificaron al Dios de Israel. Jes\u00fas llam\u00f3 a sus disc\u00edpulos y les dijo: \u00abMe da l\u00e1stima esta gente, porque llevan ya tres d\u00edas conmigo y no tienen qu\u00e9 comer. No quiero despedirlos en ayunas, porque pueden desmayarse en el camino\u00bb. Los disc\u00edpulos le peguntaron: \u00ab\u00bfD\u00f3nde vamos a conseguir, en este lugar despoblado, panes suficientes para saciar a tal muchedumbre?\u00bb Jes\u00fas les pregunt\u00f3: \u00ab\u00bfCu\u00e1ntos panes tienen?\u00bb Ellos contestaron: \u00abSiete, y unos cuantos pescados\u00bb. Despu\u00e9s de ordenar a la gente que se sentara en el suelo, Jes\u00fas tom\u00f3 los siete panes y los pescados, y habiendo dado gracias a Dios, los parti\u00f3 y los fue entregando a los disc\u00edpulos, y los disc\u00edpulos a la gente. Todos comieron hasta saciarse, y llenaron siete canastos con los pedazos que hab\u00edan sobrado.<\/p>\n<p><strong>Palabra de El Se\u00f1or.<\/strong><\/p>\n<p><strong>Gloria y Honor a Ti, Se\u00f1or Jes\u00fas.<\/strong><\/p>\n<p>&nbsp;<\/p>\n<h5><\/h5>\n<h5>Reflexi\u00f3n del Evangelio<\/h5>\n<p>&nbsp;<\/p>\n<p>Este pasaje de la multiplicaci\u00f3n de los panes es muy conocido. De hecho, hay dos multiplicaciones de los panes. En uno vemos que son cinco panes y dos peces; es en el que muchos de ustedes conocer\u00e1n la canci\u00f3n que dice: \u2018aqu\u00ed hay un muchacho que solo tiene cinco panes y dos peces. \u00bfQu\u00e9 ser\u00e1 aquello para tanta gente?\u2019<\/p>\n<p>En esta multiplicaci\u00f3n se habla de siete panes y algunos peces; pero la verdad es que eso no importa. M\u00e1s bien hay que enfocarnos en ese coraz\u00f3n generoso y magn\u00e1nimo de nuestro Se\u00f1or Jesucristo. A Cristo le da l\u00e1stima ver a tanta gente y no tener qu\u00e9 darles de comer. Los ve cansados, hambrientos, sedientos. Mira a su alrededor y busca corazones que compartan su misma preocupaci\u00f3n y encuentra a ese joven que tiene siete panes y algunos pescados.<\/p>\n<p>As\u00ed tambi\u00e9n pas\u00f3 con Dios: ve\u00eda el mundo cansado, hambriento, sediento, inquieto y busc\u00f3 y busc\u00f3 y busc\u00f3 corazones que le ayudaran, y encontr\u00f3 el coraz\u00f3n de Mar\u00eda Sant\u00edsima, quien le dio sus siete panes; es decir, le dio lo que ten\u00eda: su juventud, su vida y con ello Dios se hizo carne y la Palabra fue hecha vida.<\/p>\n<p>Dios necesita de colaboradores que den de sus siete panes. Hoy sigue buscando almas generosas que le ayuden a saciar el hambre; el hambre de amor, a saciar la sed de felicidad, a calmar la inquietud con la paz. Busca corazones que est\u00e9n dispuestos a dar sus siete panes.<\/p>\n<p>Busca corazones generosos y un coraz\u00f3n generoso no cuantifica, simplemente se da. Hoy dar mis siete panes para que Cristo pueda multiplicarlos. Siete panes pueden ser cinco minutos con uno de tus hijos, hermanos, empleados, amigos; cinco minutos de atenci\u00f3n. Cada uno sabe cu\u00e1les son esos siete panes que hoy te pide el Se\u00f1or.<\/p>\n<p>Esta reflexi\u00f3n del Evangelio fue escrita por: Paola Trevi\u00f1o, consagrada del Regnum Christi. En colaboraci\u00f3n con Evangelizaci\u00f3n Activa.<\/p>\n<p>Permite que el amor de Dios llene hoy tu vida. \u00c1brele tu coraz\u00f3n, como Mar\u00eda, todo por Jes\u00fas y para Jes\u00fas.<\/p>\n<p><strong>Pbro. Ernesto Mar\u00eda Caro.<\/strong><\/p>\n<p>Bendiciones para ti y toda tu familia.<br \/>\nQue tengas un excelente d\u00eda con Jes\u00fas,\u00a0Jos\u00e9\u00a0y\u00a0Mar\u00eda.<\/p>\n<p>&nbsp;<\/p>\n<p><img fetchpriority=\"high\" decoding=\"async\" class=\"alignnone wp-image-4085\" src=\"https:\/\/ij-alliance.com\/informatevelatam\/wp-content\/uploads\/2025\/12\/ORACION-MIERCOLES-03122025-300x265.jpg\" alt=\"\" width=\"523\" height=\"462\" srcset=\"https:\/\/ij-alliance.com\/informatevelatam\/wp-content\/uploads\/2025\/12\/ORACION-MIERCOLES-03122025-300x265.jpg 300w, https:\/\/ij-alliance.com\/informatevelatam\/wp-content\/uploads\/2025\/12\/ORACION-MIERCOLES-03122025-1024x906.jpg 1024w, https:\/\/ij-alliance.com\/informatevelatam\/wp-content\/uploads\/2025\/12\/ORACION-MIERCOLES-03122025-768x680.jpg 768w, https:\/\/ij-alliance.com\/informatevelatam\/wp-content\/uploads\/2025\/12\/ORACION-MIERCOLES-03122025.jpg 1207w\" sizes=\"(max-width: 523px) 100vw, 523px\" \/><\/p>\n<p>&nbsp;<\/p>\n<p>&nbsp;<\/p>\n<h3>Conozcamos al santo de hoy,\u00a0<a href=\"https:\/\/www.youtube.com\/watch?v=x9SyH64qRUE\" target=\"_blank\" rel=\"noopener\">San Francisco Xavier con el P. Jos\u00e9 de Jes\u00fas Aguilar Vald\u00e9s desde M\u00e9xico<\/a><\/h3>\n<p>&nbsp;<\/p>\n<p><iframe title=\"YouTube video player\" src=\"https:\/\/www.youtube.com\/embed\/x9SyH64qRUE?si=6UoJWs4aANZ6a3en\" width=\"560\" height=\"315\" frameborder=\"0\" allowfullscreen=\"allowfullscreen\"><\/iframe><\/p>\n<p>&nbsp;<\/p>\n<p>&nbsp;<\/p>\n<h3>Recemos juntos el Santo Rosario con el\u00a0<a href=\"https:\/\/www.youtube.com\/watch?v=Ll4yhoSiv28&amp;t=18s\" target=\"_blank\" rel=\"noopener\">P. Javier Olivera Ravasi, SE, San Francisco, USA. Canal QNTLC.<\/a><\/h3>\n<p>&nbsp;<\/p>\n<h3>Hoy contemplamos los Misterios Gloriosos.<\/h3>\n<p>&nbsp;<\/p>\n<p><iframe title=\"YouTube video player\" src=\"https:\/\/www.youtube.com\/embed\/Ll4yhoSiv28?si=GhT-2qolcFKeiVTV\" width=\"560\" height=\"315\" frameborder=\"0\" allowfullscreen=\"allowfullscreen\"><\/iframe><\/p>\n<p>&nbsp;<\/p>\n<p>&nbsp;<\/p>\n<h3>Reflexi\u00f3n del Adviento con San Jos\u00e9 para hoy mi\u00e9rcoles 3 de diciembre con el <a href=\"https:\/\/www.youtube.com\/watch?v=hrQdRgN3oYk\" target=\"_blank\" rel=\"noopener\">P. Jos\u00e9 Gabriel Ansaldi, de la Orden de San El\u00edas OSE<\/a><\/h3>\n<p>&nbsp;<\/p>\n<p><iframe title=\"YouTube video player\" src=\"https:\/\/www.youtube.com\/embed\/hrQdRgN3oYk?si=_vawCo3sZpsyei-x\" width=\"560\" height=\"315\" frameborder=\"0\" allowfullscreen=\"allowfullscreen\"><\/iframe><\/p>\n<p>&nbsp;<\/p>\n<h5>\u00a1Feliz d\u00eda de San Francisco Javier!<\/h5>\n<p>\u00ab Mientras exista un conf\u00edn de tierra sin adorar al que nos vino a salvar la tierra no tiene fin! \u00bb (El Divino\u00a0Impaciente).<\/p>\n<p>&nbsp;<\/p>\n<p><strong>Lea tambi\u00e9n:\u00a0<a href=\"https:\/\/www.quenotelacuenten.org\/2024\/12\/03\/san-francisco-javier-por-que-hasta-ahora-no-hubo-otro-igual-reflexion-para-el-3-de-diciembre\/\" target=\"_blank\" rel=\"noopener\">SAN FRANCISCO JAVIER: \u00bfPor qu\u00e9 hasta ahora no hubo otro igual? Reflexi\u00f3n para el 3 de diciembre &#8211; Que no te la cuenten<\/a><\/strong><\/p>\n","protected":false},"excerpt":{"rendered":"<p>Santa Misa presidida por el Presb\u00edtero \u00a0Jos\u00e9 Arturo L\u00f3pez Cornejo, desde la Iglesia de El Calvario, Pueblo de Topiltepec, estado de Guerrero, M\u00e9xico. &nbsp; &nbsp; Liturgia de la Palabra del Mi\u00e9rcoles de la I Semana de Adviento. &nbsp; &nbsp; Compartido por el P. Roberto Rodr\u00edguez, Rector del\u00a0Seminario Mayor de Guayaquil \u00abFrancisco Xavier de Garaycoa\u00bb &nbsp; [&hellip;]<\/p>\n","protected":false},"author":2,"featured_media":4117,"comment_status":"open","ping_status":"open","sticky":false,"template":"","format":"standard","meta":{"site-sidebar-layout":"default","site-content-layout":"","ast-site-content-layout":"default","site-content-style":"default","site-sidebar-style":"default","ast-global-header-display":"","ast-banner-title-visibility":"","ast-main-header-display":"","ast-hfb-above-header-display":"","ast-hfb-below-header-display":"","ast-hfb-mobile-header-display":"","site-post-title":"","ast-breadcrumbs-content":"","ast-featured-img":"","footer-sml-layout":"","ast-disable-related-posts":"","theme-transparent-header-meta":"default","adv-header-id-meta":"","stick-header-meta":"","header-above-stick-meta":"","header-main-stick-meta":"","header-below-stick-meta":"","astra-migrate-meta-layouts":"set","ast-page-background-enabled":"default","ast-page-background-meta":{"desktop":{"background-color":"","background-image":"","background-repeat":"repeat","background-position":"center center","background-size":"auto","background-attachment":"scroll","background-type":"","background-media":"","overlay-type":"","overlay-color":"","overlay-opacity":"","overlay-gradient":""},"tablet":{"background-color":"","background-image":"","background-repeat":"repeat","background-position":"center center","background-size":"auto","background-attachment":"scroll","background-type":"","background-media":"","overlay-type":"","overlay-color":"","overlay-opacity":"","overlay-gradient":""},"mobile":{"background-color":"","background-image":"","background-repeat":"repeat","background-position":"center center","background-size":"auto","background-attachment":"scroll","background-type":"","background-media":"","overlay-type":"","overlay-color":"","overlay-opacity":"","overlay-gradient":""}},"ast-content-background-meta":{"desktop":{"background-color":"var(--ast-global-color-5)","background-image":"","background-repeat":"repeat","background-position":"center center","background-size":"auto","background-attachment":"scroll","background-type":"","background-media":"","overlay-type":"","overlay-color":"","overlay-opacity":"","overlay-gradient":""},"tablet":{"background-color":"var(--ast-global-color-5)","background-image":"","background-repeat":"repeat","background-position":"center center","background-size":"auto","background-attachment":"scroll","background-type":"","background-media":"","overlay-type":"","overlay-color":"","overlay-opacity":"","overlay-gradient":""},"mobile":{"background-color":"var(--ast-global-color-5)","background-image":"","background-repeat":"repeat","background-position":"center center","background-size":"auto","background-attachment":"scroll","background-type":"","background-media":"","overlay-type":"","overlay-color":"","overlay-opacity":"","overlay-gradient":""}},"footnotes":""},"categories":[896,888,12,2],"tags":[889,898,143,795,269,274,732,893,63,725,543,391,726,49,48,474,54,33,53,806,890,733,439,32,100,657,132,220,904,68,56,31,782,70],"class_list":["post-4084","post","type-post","status-publish","format-standard","has-post-thumbnail","hentry","category-adviento","category-adviento-2025","category-misa-diaria","category-religioso","tag-adviento","tag-adviento-2025","tag-arquidiocesis-de-guayaquil","tag-arquidiocesis-de-portoviejo","tag-arquidiocesis-primada-de-mexico","tag-diocesis-de-chilpancingo-chilapa","tag-espiritualidad-catolica","tag-espiritualidad-catolica-ose","tag-iglesia-catolica","tag-iglesia-catolica-de-argentina","tag-iglesia-catolica-de-ecuador","tag-iglesia-catolica-de-mexico","tag-iglesia-catolica-de-usa","tag-ij-alliance","tag-informa-te-ve-latam","tag-informatevelatam","tag-liturgia-catolica","tag-liturgia-de-la-palabra","tag-liturgia-diaria","tag-misterios-gloriosos","tag-orden-san-elias","tag-orden-san-elias-ose","tag-padre-javier-olivera-ravasi","tag-padre-jose-arturo-lopez-cornejo","tag-padre-jose-de-jesus-aguilar-valdes","tag-padre-jose-gabriel-ansaldi","tag-padre-roberto-rodriguez","tag-que-no-te-la-cuenten","tag-san-francisco-xavier","tag-santa-misa","tag-santa-misa-de-hoy","tag-santa-misa-diaria","tag-santo-rosario","tag-seminario-mayor-de-guayaquil"],"_links":{"self":[{"href":"https:\/\/ij-alliance.com\/informatevelatam\/wp-json\/wp\/v2\/posts\/4084","targetHints":{"allow":["GET"]}}],"collection":[{"href":"https:\/\/ij-alliance.com\/informatevelatam\/wp-json\/wp\/v2\/posts"}],"about":[{"href":"https:\/\/ij-alliance.com\/informatevelatam\/wp-json\/wp\/v2\/types\/post"}],"author":[{"embeddable":true,"href":"https:\/\/ij-alliance.com\/informatevelatam\/wp-json\/wp\/v2\/users\/2"}],"replies":[{"embeddable":true,"href":"https:\/\/ij-alliance.com\/informatevelatam\/wp-json\/wp\/v2\/comments?post=4084"}],"version-history":[{"count":12,"href":"https:\/\/ij-alliance.com\/informatevelatam\/wp-json\/wp\/v2\/posts\/4084\/revisions"}],"predecessor-version":[{"id":4132,"href":"https:\/\/ij-alliance.com\/informatevelatam\/wp-json\/wp\/v2\/posts\/4084\/revisions\/4132"}],"wp:featuredmedia":[{"embeddable":true,"href":"https:\/\/ij-alliance.com\/informatevelatam\/wp-json\/wp\/v2\/media\/4117"}],"wp:attachment":[{"href":"https:\/\/ij-alliance.com\/informatevelatam\/wp-json\/wp\/v2\/media?parent=4084"}],"wp:term":[{"taxonomy":"category","embeddable":true,"href":"https:\/\/ij-alliance.com\/informatevelatam\/wp-json\/wp\/v2\/categories?post=4084"},{"taxonomy":"post_tag","embeddable":true,"href":"https:\/\/ij-alliance.com\/informatevelatam\/wp-json\/wp\/v2\/tags?post=4084"}],"curies":[{"name":"wp","href":"https:\/\/api.w.org\/{rel}","templated":true}]}}