{"id":5281,"date":"2026-04-27T07:45:04","date_gmt":"2026-04-27T12:45:04","guid":{"rendered":"https:\/\/ij-alliance.com\/informatevelatam\/?p=5281"},"modified":"2026-04-27T23:35:30","modified_gmt":"2026-04-28T04:35:30","slug":"santa-misa-y-liturgia-de-la-palabra-del-lunes-de-la-iv-semana-de-pascua-27042026","status":"publish","type":"post","link":"https:\/\/ij-alliance.com\/informatevelatam\/santa-misa-y-liturgia-de-la-palabra-del-lunes-de-la-iv-semana-de-pascua-27042026\/","title":{"rendered":"Santa Misa y Liturgia de La Palabra del Lunes de la IV Semana de Pascua 27042026"},"content":{"rendered":"<p><em><strong>Imagen: Jes\u00fas Buen Pastor. Theios Parrhes\u00eda<\/strong><\/em><\/p>\n<p>&nbsp;<\/p>\n<p><img fetchpriority=\"high\" decoding=\"async\" class=\"alignnone wp-image-4602\" src=\"https:\/\/ij-alliance.com\/informatevelatam\/wp-content\/uploads\/2026\/01\/nuevo-logo-con-logo-de-Theios-Parrhesia-de-Santa-Misa-2-300x300.png\" alt=\"\" width=\"642\" height=\"642\" srcset=\"https:\/\/ij-alliance.com\/informatevelatam\/wp-content\/uploads\/2026\/01\/nuevo-logo-con-logo-de-Theios-Parrhesia-de-Santa-Misa-2-300x300.png 300w, https:\/\/ij-alliance.com\/informatevelatam\/wp-content\/uploads\/2026\/01\/nuevo-logo-con-logo-de-Theios-Parrhesia-de-Santa-Misa-2-150x150.png 150w, https:\/\/ij-alliance.com\/informatevelatam\/wp-content\/uploads\/2026\/01\/nuevo-logo-con-logo-de-Theios-Parrhesia-de-Santa-Misa-2-768x768.png 768w, https:\/\/ij-alliance.com\/informatevelatam\/wp-content\/uploads\/2026\/01\/nuevo-logo-con-logo-de-Theios-Parrhesia-de-Santa-Misa-2.png 1024w\" sizes=\"(max-width: 642px) 100vw, 642px\" \/><\/p>\n<p>&nbsp;<\/p>\n<h3>Santa Misa presidida por el\u00a0\u00a0<a href=\"https:\/\/www.youtube.com\/watch?v=N8c6mJT1ruQ\" target=\"_blank\" rel=\"noopener\">Presb\u00edtero Gabriel Quintero,\u00a0<\/a>desde la parroquia Mar\u00eda Madre de El Salvador, ciudad de Santa Ana, El Salvador.<\/h3>\n<p>&nbsp;<\/p>\n<p><iframe title=\"YouTube video player\" src=\"https:\/\/www.youtube.com\/embed\/N8c6mJT1ruQ?si=k6TMqRJ8aSq4Qam_\" width=\"560\" height=\"315\" frameborder=\"0\" allowfullscreen=\"allowfullscreen\"><\/iframe><\/p>\n<p>&nbsp;<\/p>\n<h3>Santa Misa presidida por el\u00a0\u00a0<a href=\"https:\/\/www.youtube.com\/watch?v=6zu16mTT7X8\" target=\"_blank\" rel=\"noopener\">Presb\u00edtero V\u00edctor Torres Cisneros,\u00a0<\/a>desde la parroquia San Luis Gonzaga y Bartolom\u00e9, Puerto Rico.<\/h3>\n<p>&nbsp;<\/p>\n<p><iframe title=\"YouTube video player\" src=\"https:\/\/www.youtube.com\/embed\/6zu16mTT7X8?si=jyZ2ovZYM06_3woT\" width=\"560\" height=\"315\" frameborder=\"0\" allowfullscreen=\"allowfullscreen\"><\/iframe><\/p>\n<p>&nbsp;<\/p>\n<h3>Liturgia de la Palabra del Lunes de la IV Semana de Pascua.<\/h3>\n<p>&nbsp;<\/p>\n<p><strong>Compartido por el P. Roberto Rodr\u00edguez, Rector del\u00a0<a href=\"https:\/\/seminariomayor.org\/seminar\/\" target=\"_blank\" rel=\"noopener\">Seminario Mayor de Guayaquil \u00abFrancisco Xavier de Garaycoa\u00bb<\/a><\/strong><\/p>\n<p>&nbsp;<\/p>\n<h4>Lectura del libro de los Hechos de los ap\u00f3stoles 11, 1-18.<\/h4>\n<p>&nbsp;<\/p>\n<p>En aquellos d\u00edas, los ap\u00f3stoles y los hermanos de Judea se enteraron de que tambi\u00e9n los gentiles hab\u00edan recibido la palabra de Dios. Cuando Pedro subi\u00f3 a Jerusal\u00e9n, los de la circuncisi\u00f3n le dijeron en son de reproche:<br \/>\n\u00abHas entrado en casa de incircuncisos y has comido con ellos\u00bb.<br \/>\nPedro entonces comenz\u00f3 a exponerles los hechos por su orden, diciendo:<br \/>\n\u00abEstaba yo orando en la ciudad de Jafa, cuando tuve en \u00e9xtasis una visi\u00f3n: una especie de recipiente que bajaba, semejante a un gran lienzo que era descolgado del cielo sostenido por los cuatro extremos, hasta donde yo estaba. Mir\u00e9 dentro y vi cuadr\u00fapedos de la tierra, fieras, reptiles y p\u00e1jaros del cielo. Luego o\u00ed una voz que me dec\u00eda: \u201cLev\u00e1ntate, Pedro, mata y come\u201d. Yo respond\u00ed:<br \/>\n\u00abDe ning\u00fan modo, Se\u00f1or, pues nunca entr\u00f3 en mi boca cosa profana o impura\u201d. Pero la voz del cielo habl\u00f3 de nuevo: \u00abLo que Dios ha purificado, t\u00fa no lo consideres profano\u201d. Esto sucedi\u00f3 hasta tres veces, y de un tir\u00f3n lo subieron todo de nuevo al cielo.<br \/>\nEn aquel preciso momento llegaron a la casa donde est\u00e1bamos tres hombres enviados desde Cesarea en busca m\u00eda. Entonces el Esp\u00edritu me dijo que me fuera con ellos sin dudar. Me acompa\u00f1aron estos seis hermanos, y entramos en casa de aquel hombre. \u00c9l nos cont\u00f3 que hab\u00eda visto en su casa al \u00e1ngel que, en pie, le dec\u00eda: \u201cManda recado a Jafa y haz venir a Sim\u00f3n, llamado Pedro; \u00e9l te dir\u00e1 palabras que traer\u00e1n la salvaci\u00f3n a ti y a tu casa\u201d.<br \/>\nEn cuanto empec\u00e9 a hablar, baj\u00f3 sobre ellos el Esp\u00edritu Santo, igual que hab\u00eda bajado sobre nosotros al principio; entonces me acord\u00e9 de lo que el Se\u00f1or hab\u00eda dicho: \u201cJuan bautiz\u00f3 con agua, pero vosotros ser\u00e9is bautizados con Esp\u00edritu Santo\u201d. Pues, si Dios les ha dado a ellos el mismo don que a nosotros, por haber cre\u00eddo en el Se\u00f1or Jesucristo, \u00bfqui\u00e9n era yo para oponerme a Dios?\u00bb.<br \/>\nOyendo esto, se calmaron y alabaron a Dios diciendo:<br \/>\n\u00abAs\u00ed pues, tambi\u00e9n a los gentiles les ha otorgado Dios la conversi\u00f3n que lleva a la vida\u00bb.<\/p>\n<p><strong>Palabra de Dios.<\/strong><\/p>\n<p><strong>Te alabamos Se\u00f1or.<\/strong><\/p>\n<p>&nbsp;<\/p>\n<h5>Reflexi\u00f3n de la primera lectura<\/h5>\n<p>&nbsp;<\/p>\n<p>De nuevo aparece en escena el binomio: Oraci\u00f3n &#8211; Voluntad de Dios. Fue precisamente estando en oraci\u00f3n como Pedro y el hombre que fue bautizado por \u00e9ste, fueron advertidos. Y es que la oraci\u00f3n es el medio ordinario por el cual Dios va comunicando su voluntad a sus hijos, de manera que una persona que ora todos los d\u00edas y que busca con todo su coraz\u00f3n al Se\u00f1or, sin lugar a dudas que, aun en la m\u00e1s oscura de las noches, encontrar\u00e1 el camino seguro; en medio de la crisis, caminos de soluci\u00f3n; en la pena y el dolor, la consolaci\u00f3n y sobre todo, en todo momento, ir\u00e1 descubriendo la voluntad de Dios para cada uno de sus proyectos e iniciativas. La oraci\u00f3n es el \u00abmileu\u00bb o lugar en el cual el Esp\u00edritu se manifiesta, concediendo a sus fieles abundantes dones, carismas y consolaciones. De manera que no orar puede ser considerado como un verdadero suicidio espiritual. Un santo sacerdote dec\u00eda: \u00abNunca dejes lo importante por hacer lo urgente\u00bb, recuerda siempre que lo m\u00e1s importante de tu d\u00eda es tu oraci\u00f3n.<\/p>\n<p>&nbsp;<\/p>\n<h4>Salmo 41,2-3; 42, 3-4<\/h4>\n<p>&nbsp;<\/p>\n<h4>R\/. Mi alma tiene sed de ti, Dios vivo.<\/h4>\n<p>&nbsp;<\/p>\n<p>Como busca la cierva corrientes de agua,<br \/>\nas\u00ed mi alma te busca a ti, Dios m\u00edo;<br \/>\nmi alma tiene sed de Dios, del Dios vivo:<br \/>\n\u00bfCu\u00e1ndo entrar\u00e9 a ver el rostro de Dios? R\/.<\/p>\n<p>Env\u00eda tu luz y tu verdad:<br \/>\nque ellas me gu\u00eden<br \/>\ny me conduzcan hasta tu monte santo,<br \/>\nhasta tu morada. R\/.<\/p>\n<p>Me acercar\u00e9 al altar de Dios,<br \/>\nal Dios de mi alegr\u00eda,<br \/>\ny te dar\u00e9 gracias al son de la c\u00edtara,<br \/>\nDios, Dios m\u00edo. R\/.<\/p>\n<p>&nbsp;<\/p>\n<h4>Lectura del Santo Evangelio seg\u00fan san Juan 10, 11-18<\/h4>\n<p>&nbsp;<\/p>\n<p>En aquel tiempo, Jes\u00fas dijo a los fariseos: \u00abYo soy el buen pastor. El buen pastor da la vida por sus ovejas. En cambio, el asalariado, el que no es el pastor ni el due\u00f1o de las ovejas, cuando ve venir al lobo, abandona las ovejas y huye; el lobo se arroja sobre ellas y las dispersa, porque a un asalariado no le importan las ovejas.<\/p>\n<p>Yo soy el buen pastor, porque conozco a mis ovejas y ellas me conocen a m\u00ed, as\u00ed como el Padre me conoce a m\u00ed y yo conozco al Padre. Yo doy la vida por mis ovejas. Tengo adem\u00e1s otras ovejas que no son de este redil y es necesario que las traiga tambi\u00e9n a ellas; escuchar\u00e1n mi voz y habr\u00e1 un solo reba\u00f1o y un solo pastor.<\/p>\n<p>El Padre me ama porque doy mi vida para volverla a tomar. Nadie me la quita; yo la doy porque quiero. Tengo poder para darla y lo tengo tambi\u00e9n para volverla a tomar. Este es el mandato que he recibido de mi Padre\u00bb.<\/p>\n<p><strong>Palabra de El Se\u00f1or.<\/strong><\/p>\n<p><strong>Gloria y Honor a Ti, Se\u00f1or Jes\u00fas.<\/strong><\/p>\n<p>&nbsp;<\/p>\n<h5>Reflexi\u00f3n del Santo Evangelio<\/h5>\n<p>&nbsp;<\/p>\n<p>Familia, el Evangelio de hoy nos invita a preguntarnos \u00bfqu\u00e9 o qui\u00e9n hemos considerado como nuestro pastor? Y tenemos que tener mucho cuidado porque a lo largo de nuestra vida se nos van a ir presentando no solo asalariados, sino tambi\u00e9n mercenarios, ideolog\u00edas que prometen seguridad, modas que tal vez prometen \u00e9xito, criterios mundanos que prometen bienestar, comodidad, pero que van a desaparecer cuando llegue el lobo del sufrimiento, de la enfermedad o de la cruz.<\/p>\n<p>Y por el contrario, vemos a Jes\u00fas que se presenta como el buen Pastor que da la vida por sus ovejas. Cristo siempre va a permanecer, aun cuando todo se derrumbe. O sea, Cristo no nos ama en abstracto; incluso nos conoce y conoce nuestras ca\u00eddas, nuestras incoherencias, nuestras mediocridades, nuestras falsedades, nuestros pecados y aun as\u00ed nos ama y da la vida por nosotros.<\/p>\n<p>El Catecismo de la Iglesia dice que la Iglesia es redil y nosotros sus ovejas y, aunque a veces estamos esas ovejas gobernadas por pastores humanos, d\u00edgase los obispos o sacerdotes de alguna manera como administradores, son, sin embargo, todas las ovejas de la Iglesia guiadas y alimentadas constantemente por el mismo Cristo.<\/p>\n<p>Y en el Evangelio Jes\u00fas afirma que sus ovejas lo conocen y escuchan su voz. La cuesti\u00f3n es si sabemos reconocer a Cristo, si sabemos reconocer su voz, porque a veces su voz se va a manifestar en los acontecimientos de nuestra vida, incluso en esos acontecimientos que no entendemos. Otras veces su voz se deja o\u00edr en el silencio de la oraci\u00f3n.<\/p>\n<p>Pero para reconocerla hace falta trato, comuni\u00f3n. Quien no ora, quien no se expone a la Palabra, termina confundiendo la voz del Pastor con la del ruido del mundo, de los asalariados o de los mercenarios. Escuchamos su voz porque solo as\u00ed podremos dejarnos pastorear y quien lo hace experimenta consecuencias concretas: pasa en medio de la incertidumbre, fortaleza en la prueba, claridad moral en la confusi\u00f3n, unidad en lugar de dispersi\u00f3n.<\/p>\n<p>Claro, esto no significa ausencia de sufrimiento, sino presencia de sentido, porque escuchar la voz del Pastor verdadero solo nos conduce a la vida verdadera.<\/p>\n<p>Esta reflexi\u00f3n del Evangelio fue escrita por:<br \/>\nPbro. Miguel Ortiz, de la Arquidi\u00f3cesis de Monterrey. En colaboraci\u00f3n con Evangelizaci\u00f3n Activa.<\/p>\n<p>Permite que el amor de Dios llene hoy tu vida. \u00c1brele tu coraz\u00f3n, como Mar\u00eda, todo por Jes\u00fas y para Jes\u00fas.<\/p>\n<p><strong>Pbro. Ernesto Mar\u00eda Caro.<\/strong><\/p>\n<p>Bendiciones para ti y toda tu familia.<br \/>\nQue tengas un excelente d\u00eda con Jes\u00fas, Jos\u00e9 y Mar\u00eda.<\/p>\n<p>&nbsp;<\/p>\n<p><img decoding=\"async\" class=\"alignnone wp-image-5282\" src=\"https:\/\/ij-alliance.com\/informatevelatam\/wp-content\/uploads\/2026\/04\/ORACION-LUNES-27042026-300x265.jpeg\" alt=\"\" width=\"621\" height=\"549\" srcset=\"https:\/\/ij-alliance.com\/informatevelatam\/wp-content\/uploads\/2026\/04\/ORACION-LUNES-27042026-300x265.jpeg 300w, https:\/\/ij-alliance.com\/informatevelatam\/wp-content\/uploads\/2026\/04\/ORACION-LUNES-27042026-1024x906.jpeg 1024w, https:\/\/ij-alliance.com\/informatevelatam\/wp-content\/uploads\/2026\/04\/ORACION-LUNES-27042026-768x680.jpeg 768w, https:\/\/ij-alliance.com\/informatevelatam\/wp-content\/uploads\/2026\/04\/ORACION-LUNES-27042026.jpeg 1207w\" sizes=\"(max-width: 621px) 100vw, 621px\" \/><\/p>\n<p>&nbsp;<\/p>\n<h3>Homil\u00eda de hoy con\u00a0<a href=\"https:\/\/www.youtube.com\/watch?v=Ahc2Hz8l8jI\" target=\"_blank\" rel=\"noopener\">Monse\u00f1or Jos\u00e9 Ignacio Munilla<\/a>, obispo de Orihuela-Alicante, Espa\u00f1a.<\/h3>\n<p>&nbsp;<\/p>\n<p><iframe title=\"YouTube video player\" src=\"https:\/\/www.youtube.com\/embed\/Ahc2Hz8l8jI?si=Kwn_wNypv5CmkB5c\" width=\"560\" height=\"315\" frameborder=\"0\" allowfullscreen=\"allowfullscreen\"><\/iframe><\/p>\n<p>&nbsp;<\/p>\n<h3>Homil\u00eda de hoy con el\u00a0<a href=\"https:\/\/www.youtube.com\/watch?v=p47CNUh1dLQ&amp;t=35s\" target=\"_blank\" rel=\"noopener\">P. Javier Carral\u00f3n<\/a>, Sacerdote del Instituto Secular Stabat Mater, Guadalajara, Jalisco, M\u00e9xico.<\/h3>\n<p>&nbsp;<\/p>\n<p><iframe title=\"YouTube video player\" src=\"https:\/\/www.youtube.com\/embed\/p47CNUh1dLQ?si=K6KLnyoCm7yJcd8y\" width=\"560\" height=\"315\" frameborder=\"0\" allowfullscreen=\"allowfullscreen\"><\/iframe><\/p>\n<p>&nbsp;<\/p>\n<h3>Homil\u00eda de hoy con el\u00a0<a href=\"https:\/\/www.youtube.com\/watch?v=l6W3bqp9jPo\" target=\"_blank\" rel=\"noopener\">P. Santiago Mart\u00edn,<\/a>\u00a0FM desde Madrid, Espa\u00f1a. Magnificat.TV<\/h3>\n<p>&nbsp;<\/p>\n<p><iframe title=\"YouTube video player\" src=\"https:\/\/www.youtube.com\/embed\/l6W3bqp9jPo?si=DltYCWb4Hq0VP8LF\" width=\"560\" height=\"315\" frameborder=\"0\" allowfullscreen=\"allowfullscreen\"><\/iframe><\/p>\n<p>&nbsp;<\/p>\n<h3>Homil\u00eda de hoy con el\u00a0<a href=\"https:\/\/www.youtube.com\/watch?v=aDfkB_U1aQw\" target=\"_blank\" rel=\"noopener\">P. Mart\u00edn \u00c1valos Maga\u00f1a,<\/a> parroquia Madre de El Salvador, ciudad de Santa Ana, El Salvador.<\/h3>\n<p>&nbsp;<\/p>\n<p><iframe title=\"YouTube video player\" src=\"https:\/\/www.youtube.com\/embed\/aDfkB_U1aQw?si=aRe9ji6Wu-w8-DvZ\" width=\"560\" height=\"315\" frameborder=\"0\" allowfullscreen=\"allowfullscreen\"><\/iframe><\/p>\n<p>&nbsp;<\/p>\n<h3>Durante la Pascua hasta el d\u00eda de Pentecost\u00e9s rezaremos la oraci\u00f3n \u00ab<em>Regina Caeli<\/em>\u00bb en vez del \u00c1ngelus .<\/h3>\n<p>&nbsp;<\/p>\n<p><img decoding=\"async\" class=\"alignnone wp-image-5168\" src=\"https:\/\/ij-alliance.com\/informatevelatam\/wp-content\/uploads\/2026\/04\/Reina-del-Cielo-con-el-nino-Jesus-200x300.png\" sizes=\"(max-width: 633px) 100vw, 633px\" srcset=\"https:\/\/ij-alliance.com\/informatevelatam\/wp-content\/uploads\/2026\/04\/Reina-del-Cielo-con-el-nino-Jesus-200x300.png 200w, https:\/\/ij-alliance.com\/informatevelatam\/wp-content\/uploads\/2026\/04\/Reina-del-Cielo-con-el-nino-Jesus-683x1024.png 683w, https:\/\/ij-alliance.com\/informatevelatam\/wp-content\/uploads\/2026\/04\/Reina-del-Cielo-con-el-nino-Jesus-768x1152.png 768w, https:\/\/ij-alliance.com\/informatevelatam\/wp-content\/uploads\/2026\/04\/Reina-del-Cielo-con-el-nino-Jesus.png 1024w\" alt=\"\" width=\"633\" height=\"950\" \/><\/p>\n<p>&nbsp;<\/p>\n<p><strong>ESPA\u00d1OL<\/strong><\/p>\n<p><strong>G:<\/strong>\u00a0Reina del cielo, al\u00e9grate, aleluya.<br \/>\n<strong>T:<\/strong>\u00a0Porque el Se\u00f1or, a quien has llevado en tu vientre, aleluya.<\/p>\n<p><strong>G:<\/strong>\u00a0Ha resucitado seg\u00fan su palabra, aleluya.<br \/>\n<strong>T:<\/strong>\u00a0Ruega al Se\u00f1or por nosotros, aleluya.<\/p>\n<p><strong>G:<\/strong>\u00a0Goza y al\u00e9grate Virgen Mar\u00eda, aleluya.<br \/>\n<strong>T:<\/strong>\u00a0Porque en verdad ha resucitado el Se\u00f1or, aleluya.<\/p>\n<p><strong>Oremos:<\/strong><br \/>\nOh Dios, que por la resurrecci\u00f3n de Tu Hijo, Nuestro Se\u00f1or Jesucristo, has llenado el mundo de alegr\u00eda, conc\u00e9denos, por intercesi\u00f3n de su Madre, la Virgen Mar\u00eda, llegar a los gozos eternos. Por Jesucristo Nuestro Se\u00f1or. Amen.<\/p>\n<p>Gloria al Padre y al Hijo y al Esp\u00edritu Santo, como era en el principio ahora y siempre por los siglos de los siglos. Amen. (tres veces)<\/p>\n<p>________________________________________________________________________<\/p>\n<p><strong>LAT\u00cdN<\/strong><\/p>\n<p><strong>V:\u00a0<\/strong>Regina caeli, laetare, alleluia.<br \/>\n<strong>R:\u00a0<\/strong>Quia quem meruisti portare, alleluia.<\/p>\n<p><strong>V:\u00a0<\/strong>Resurrexit, sicut dixit, alleluia.<br \/>\n<strong>R:\u00a0<\/strong>Ora pro nobis Deum, alleluia.<\/p>\n<p><strong>V:\u00a0<\/strong>Gaude et laetare Virgo Mar\u00eda, alleluia.<br \/>\n<strong>R:\u00a0<\/strong>Quia surrexit Dominus vere, alleluia.<\/p>\n<p><strong>Oremus:<\/strong><br \/>\nDeus, qui per resurrectionem Filii tui, Domini nostri Iesu Christi, mundum laetificare dignatus es: praesta, quaesumus; ut, per eius Genetricem Virginem Mariam, perpetuae capiamus gaudia vitae. Per eundem Christum Dominum nostrum. Amen.<\/p>\n<p>Gloria Patri, et Fili, et Spiritui Sancto. Sicut erat in principio, et nunc et semper, et in saeccula saeculorum. Amen. (3 veces)<\/p>\n<p><em>Benedicto XIV estableci\u00f3, en 1742, que durante el tiempo Pascual (desde la Resurrecci\u00f3n del Se\u00f1or hasta el d\u00eda de Pentecost\u00e9s) se sustituyera el rezo del \u00c1ngelus por la ant\u00edfona \u00abRegina Caeli\u00bb.<\/em><\/p>\n<p>&nbsp;<\/p>\n<h3>Reflexi\u00f3n:\u00a0<a href=\"https:\/\/www.youtube.com\/watch?v=TmKzMx1HnJc&amp;list=PL5fSZ8ew13hDZsdpeharoCaLqVhpgCUIT&amp;index=21\" target=\"_blank\" rel=\"noopener\">Medios para adquirir la paz interior &#8211; padecer sin inquietud las arideces <\/a>, con el P. Jos\u00e9 Gabriel Ansaldi, (OSE), desde Paj\u00e1n, Ecuador.<\/h3>\n<p>&nbsp;<\/p>\n<p><iframe title=\"YouTube video player\" src=\"https:\/\/www.youtube.com\/embed\/TmKzMx1HnJc?si=TwhLQPR0m6QprM7p\" width=\"560\" height=\"315\" frameborder=\"0\" allowfullscreen=\"allowfullscreen\"><\/iframe><\/p>\n<p>&nbsp;<\/p>\n<h3>Conozcamos al santo de hoy, Santa Zita, con el P. Jos\u00e9 de Jes\u00fas Aguilar Vald\u00e9s, desde M\u00e9xico y Despertar con Dios.<\/h3>\n<p>&nbsp;<\/p>\n<p><iframe title=\"YouTube video player\" src=\"https:\/\/www.youtube.com\/embed\/4h8uIIhNvlc?si=N_gSqo2IMhMgsggr\" width=\"560\" height=\"315\" frameborder=\"0\" allowfullscreen=\"allowfullscreen\"><\/iframe><\/p>\n<p><iframe title=\"YouTube video player\" src=\"https:\/\/www.youtube.com\/embed\/ziwsj-CA2yM?si=jyyyPEL7V4JvoOwE\" width=\"560\" height=\"315\" frameborder=\"0\" allowfullscreen=\"allowfullscreen\"><\/iframe><\/p>\n<p>&nbsp;<\/p>\n<h3>Recemos juntos el Santo Rosario en lat\u00edn con el\u00a0<a href=\"https:\/\/www.youtube.com\/@ProyectoDominusTecum\" target=\"_blank\" rel=\"noopener\">\u00a0Proyecto Dominus Tecum<\/a><\/h3>\n<p>&nbsp;<\/p>\n<h3>Hoy contemplamos los\u00a0<a href=\"https:\/\/www.youtube.com\/watch?v=NXxdAFtpbJg&amp;t=30s\" target=\"_blank\" rel=\"noopener\">Misterios Gozosos.<\/a><\/h3>\n<p>&nbsp;<\/p>\n<p><iframe title=\"YouTube video player\" src=\"https:\/\/www.youtube.com\/embed\/NXxdAFtpbJg?si=pH2pIDXAlFV8Meu-\" width=\"560\" height=\"315\" frameborder=\"0\" allowfullscreen=\"allowfullscreen\" data-mce-fragment=\"1\"><\/iframe><\/p>\n<p>&nbsp;<\/p>\n<h4>Ver tambi\u00e9n:\u00a0<a href=\"https:\/\/liturgiadelashoras.github.io\/sync\/2026\/abr\/27\/2\/index.htm\" target=\"_blank\" rel=\"noopener\">Liturgia de Las Horas para hoy Lunes de la IV Semana de Pascua<\/a><\/h4>\n<p>&nbsp;<\/p>\n<h4>Ver tambi\u00e9n:\u00a0<a href=\"https:\/\/ij-alliance.com\/informatevelatam\/jesus-buen-pastor-santa-misa-y-liturgia-de-la-palabra-del-iv-domingo-de-pascua-26042026\/\" target=\"_blank\" rel=\"noopener\">Jes\u00fas Buen Pastor \u2013 Santa Misa y Liturgia de La Palabra del IV Domingo de Pascua 26042026<\/a><\/h4>\n<p>&nbsp;<\/p>\n<h4>Les obsequiamos un especial de Pascua de Resurrecci\u00f3n:\u00a0<a href=\"https:\/\/ij-alliance.com\/informatevelatam\/el-santo-rosario-un-camino-sencillo-para-encontrarse-con-dios\/\" target=\"_blank\" rel=\"noopener\">El Santo Rosario: un camino sencillo para encontrarse con Dios<\/a>, incluye el\u00a0<a href=\"https:\/\/drive.google.com\/file\/d\/1N-aO1kZuz4C1Uyl-4X_u7-VRaBdLHdIY\/view\" target=\"_blank\" rel=\"noopener\">Santo Rosario en lat\u00edn y espa\u00f1ol \u2013 Theios Parrhes\u00eda<\/a>\u00a0para ver y descargar.<\/h4>\n","protected":false},"excerpt":{"rendered":"<p>Imagen: Jes\u00fas Buen Pastor. Theios Parrhes\u00eda &nbsp; &nbsp; Santa Misa presidida por el\u00a0\u00a0Presb\u00edtero Gabriel Quintero,\u00a0desde la parroquia Mar\u00eda Madre de El Salvador, ciudad de Santa Ana, El Salvador. &nbsp; &nbsp; Santa Misa presidida por el\u00a0\u00a0Presb\u00edtero V\u00edctor Torres Cisneros,\u00a0desde la parroquia San Luis Gonzaga y Bartolom\u00e9, Puerto Rico. &nbsp; &nbsp; Liturgia de la Palabra del Lunes [&hellip;]<\/p>\n","protected":false},"author":2,"featured_media":5283,"comment_status":"open","ping_status":"open","sticky":false,"template":"","format":"standard","meta":{"site-sidebar-layout":"default","site-content-layout":"","ast-site-content-layout":"default","site-content-style":"default","site-sidebar-style":"default","ast-global-header-display":"","ast-banner-title-visibility":"","ast-main-header-display":"","ast-hfb-above-header-display":"","ast-hfb-below-header-display":"","ast-hfb-mobile-header-display":"","site-post-title":"","ast-breadcrumbs-content":"","ast-featured-img":"","footer-sml-layout":"","ast-disable-related-posts":"","theme-transparent-header-meta":"default","adv-header-id-meta":"","stick-header-meta":"","header-above-stick-meta":"","header-main-stick-meta":"","header-below-stick-meta":"","astra-migrate-meta-layouts":"set","ast-page-background-enabled":"default","ast-page-background-meta":{"desktop":{"background-color":"","background-image":"","background-repeat":"repeat","background-position":"center center","background-size":"auto","background-attachment":"scroll","background-type":"","background-media":"","overlay-type":"","overlay-color":"","overlay-opacity":"","overlay-gradient":""},"tablet":{"background-color":"","background-image":"","background-repeat":"repeat","background-position":"center center","background-size":"auto","background-attachment":"scroll","background-type":"","background-media":"","overlay-type":"","overlay-color":"","overlay-opacity":"","overlay-gradient":""},"mobile":{"background-color":"","background-image":"","background-repeat":"repeat","background-position":"center center","background-size":"auto","background-attachment":"scroll","background-type":"","background-media":"","overlay-type":"","overlay-color":"","overlay-opacity":"","overlay-gradient":""}},"ast-content-background-meta":{"desktop":{"background-color":"var(--ast-global-color-5)","background-image":"","background-repeat":"repeat","background-position":"center center","background-size":"auto","background-attachment":"scroll","background-type":"","background-media":"","overlay-type":"","overlay-color":"","overlay-opacity":"","overlay-gradient":""},"tablet":{"background-color":"var(--ast-global-color-5)","background-image":"","background-repeat":"repeat","background-position":"center center","background-size":"auto","background-attachment":"scroll","background-type":"","background-media":"","overlay-type":"","overlay-color":"","overlay-opacity":"","overlay-gradient":""},"mobile":{"background-color":"var(--ast-global-color-5)","background-image":"","background-repeat":"repeat","background-position":"center center","background-size":"auto","background-attachment":"scroll","background-type":"","background-media":"","overlay-type":"","overlay-color":"","overlay-opacity":"","overlay-gradient":""}},"footnotes":""},"categories":[550,12,1235,2],"tags":[143,795,269,1193,225,274,1215,1253,417,1264,49,48,474,1262,33,1265,674,797,1214,849,1085,657,224,132,416,1263,73,536,1248,1249,68,34,839,70,923],"class_list":["post-5281","post","type-post","status-publish","format-standard","has-post-thumbnail","hentry","category-100-catolicos","category-misa-diaria","category-pascua-de-resurreccion-2026","category-religioso","tag-arquidiocesis-de-guayaquil","tag-arquidiocesis-de-portoviejo","tag-arquidiocesis-primada-de-mexico","tag-canal-13-teleoro","tag-dei-verbum","tag-diocesis-de-chilpancingo-chilapa","tag-diocesis-de-orihuela-alicante","tag-en-ti-confio","tag-franciscanos-de-maria","tag-iglesia-catolica-puerto-rico","tag-ij-alliance","tag-informa-te-ve-latam","tag-informatevelatam","tag-jesus-buen-pastor","tag-liturgia-de-la-palabra","tag-liturgia-de-las-horas","tag-magnificat-tv","tag-misterios-gozosos","tag-monsenor-jose-ignacio-munilla","tag-padre-gabriel-quintero","tag-padre-javier-carralon","tag-padre-jose-gabriel-ansaldi","tag-padre-martin-avalos","tag-padre-roberto-rodriguez","tag-padre-santiago-martin","tag-padre-victor-torres-cisneros","tag-pascua-de-resurreccion","tag-pbro-ernesto-maria-caro","tag-regina-caeli","tag-reina-del-cielo","tag-santa-misa","tag-santa-misa-y-liturgia-de-la-palabra","tag-santo-rosario-en-latin","tag-seminario-mayor-de-guayaquil","tag-theios-parrhesia"],"_links":{"self":[{"href":"https:\/\/ij-alliance.com\/informatevelatam\/wp-json\/wp\/v2\/posts\/5281","targetHints":{"allow":["GET"]}}],"collection":[{"href":"https:\/\/ij-alliance.com\/informatevelatam\/wp-json\/wp\/v2\/posts"}],"about":[{"href":"https:\/\/ij-alliance.com\/informatevelatam\/wp-json\/wp\/v2\/types\/post"}],"author":[{"embeddable":true,"href":"https:\/\/ij-alliance.com\/informatevelatam\/wp-json\/wp\/v2\/users\/2"}],"replies":[{"embeddable":true,"href":"https:\/\/ij-alliance.com\/informatevelatam\/wp-json\/wp\/v2\/comments?post=5281"}],"version-history":[{"count":1,"href":"https:\/\/ij-alliance.com\/informatevelatam\/wp-json\/wp\/v2\/posts\/5281\/revisions"}],"predecessor-version":[{"id":5284,"href":"https:\/\/ij-alliance.com\/informatevelatam\/wp-json\/wp\/v2\/posts\/5281\/revisions\/5284"}],"wp:featuredmedia":[{"embeddable":true,"href":"https:\/\/ij-alliance.com\/informatevelatam\/wp-json\/wp\/v2\/media\/5283"}],"wp:attachment":[{"href":"https:\/\/ij-alliance.com\/informatevelatam\/wp-json\/wp\/v2\/media?parent=5281"}],"wp:term":[{"taxonomy":"category","embeddable":true,"href":"https:\/\/ij-alliance.com\/informatevelatam\/wp-json\/wp\/v2\/categories?post=5281"},{"taxonomy":"post_tag","embeddable":true,"href":"https:\/\/ij-alliance.com\/informatevelatam\/wp-json\/wp\/v2\/tags?post=5281"}],"curies":[{"name":"wp","href":"https:\/\/api.w.org\/{rel}","templated":true}]}}