{"id":5287,"date":"2026-04-28T00:20:49","date_gmt":"2026-04-28T05:20:49","guid":{"rendered":"https:\/\/ij-alliance.com\/informatevelatam\/?p=5287"},"modified":"2026-04-28T14:18:25","modified_gmt":"2026-04-28T19:18:25","slug":"santa-misa-y-liturgia-de-la-palabra-del-martes-de-la-iv-semana-de-pascua-28042026","status":"publish","type":"post","link":"https:\/\/ij-alliance.com\/informatevelatam\/santa-misa-y-liturgia-de-la-palabra-del-martes-de-la-iv-semana-de-pascua-28042026\/","title":{"rendered":"Santa Misa y Liturgia de La Palabra del Martes de la IV Semana de Pascua 28042026"},"content":{"rendered":"<p><em><strong>Imagen: Jes\u00fas, ense\u00f1ando en el templo antiguo. Theios Parrhes\u00eda.<\/strong><\/em><\/p>\n<p>&nbsp;<\/p>\n<p><img fetchpriority=\"high\" decoding=\"async\" class=\"alignnone wp-image-4602\" src=\"https:\/\/ij-alliance.com\/informatevelatam\/wp-content\/uploads\/2026\/01\/nuevo-logo-con-logo-de-Theios-Parrhesia-de-Santa-Misa-2-300x300.png\" alt=\"\" width=\"653\" height=\"653\" srcset=\"https:\/\/ij-alliance.com\/informatevelatam\/wp-content\/uploads\/2026\/01\/nuevo-logo-con-logo-de-Theios-Parrhesia-de-Santa-Misa-2-300x300.png 300w, https:\/\/ij-alliance.com\/informatevelatam\/wp-content\/uploads\/2026\/01\/nuevo-logo-con-logo-de-Theios-Parrhesia-de-Santa-Misa-2-150x150.png 150w, https:\/\/ij-alliance.com\/informatevelatam\/wp-content\/uploads\/2026\/01\/nuevo-logo-con-logo-de-Theios-Parrhesia-de-Santa-Misa-2-768x768.png 768w, https:\/\/ij-alliance.com\/informatevelatam\/wp-content\/uploads\/2026\/01\/nuevo-logo-con-logo-de-Theios-Parrhesia-de-Santa-Misa-2.png 1024w\" sizes=\"(max-width: 653px) 100vw, 653px\" \/><\/p>\n<p>&nbsp;<\/p>\n<h3>Santa Misa presidida por el\u00a0\u00a0<a href=\"https:\/\/www.youtube.com\/watch?v=leku2jpLthQ&amp;t=3383s\" target=\"_blank\" rel=\"noopener\">Presb\u00edtero Jos\u00e9 Arturo L\u00f3pez Cornejo,\u00a0<\/a>desde el Templo de San Juan Bautista del pueblo de Acatl\u00e1n, estado de Guerrero, M\u00e9xico.<\/h3>\n<p>&nbsp;<\/p>\n<p><iframe title=\"YouTube video player\" src=\"https:\/\/www.youtube.com\/embed\/leku2jpLthQ?si=2H2Ti33feQSKTFAV\" width=\"560\" height=\"315\" frameborder=\"0\" allowfullscreen=\"allowfullscreen\"><\/iframe><\/p>\n<h3><\/h3>\n<p>&nbsp;<\/p>\n<h3>Santa Misa presidida por el\u00a0\u00a0<a href=\"https:\/\/www.youtube.com\/watch?v=7jWx9QkWWmw\" target=\"_blank\" rel=\"noopener\">Presb\u00edtero Rafael Hern\u00e1ndez Ortiz,\u00a0<\/a>desde la parroquia Nuestra Se\u00f1ora del Perpetuo Socorro, Municipio Aut\u00f3nomo de Caguas, Puerto Rico.<\/h3>\n<p>&nbsp;<\/p>\n<p><iframe title=\"YouTube video player\" src=\"https:\/\/www.youtube.com\/embed\/7jWx9QkWWmw?si=BynQjK2LRUS38m3w\" width=\"560\" height=\"315\" frameborder=\"0\" allowfullscreen=\"allowfullscreen\"><\/iframe><\/p>\n<p>&nbsp;<\/p>\n<h3>Santa Misa presidida por el\u00a0\u00a0<a href=\"https:\/\/www.youtube.com\/watch?v=dfa95WeyqIg\" target=\"_blank\" rel=\"noopener\">Deimer Manuel Ben\u00edtez Ter\u00e1n <\/a>sacerdote misionero de la parroquia Nuestra Se\u00f1ora del Carmen, Purembar\u00e1, Di\u00f3cesis de Pereira, Colombia, transmitida desde la Capilla del Se\u00f1or Jes\u00fas en nuestro canal Tele VID.<\/h3>\n<p>&nbsp;<\/p>\n<p><iframe title=\"YouTube video player\" src=\"https:\/\/www.youtube.com\/embed\/dfa95WeyqIg?si=_RhsX3plF63YTmBc\" width=\"560\" height=\"315\" frameborder=\"0\" allowfullscreen=\"allowfullscreen\"><\/iframe><\/p>\n<p>&nbsp;<\/p>\n<h3>Liturgia de la Palabra del Martes de la IV Semana de Pascua.<\/h3>\n<p>&nbsp;<\/p>\n<p><strong>Tomado de:\u00a0<a href=\"https:\/\/www.dominicos.org\/predicacion\/evangelio-del-dia\/hoy\/\" target=\"_blank\" rel=\"noopener\">Lectura y Santo Evangelio de hoy 28-04-2026 &#8211; Dominicos.org<\/a><\/strong><\/p>\n<p>&nbsp;<\/p>\n<h4>Primera lectura<\/h4>\n<p>&nbsp;<\/p>\n<h4><\/h4>\n<h4>Lectura del libro de los Hechos de los ap\u00f3stoles 11, 19-26<\/h4>\n<p>&nbsp;<\/p>\n<p>En aquellos d\u00edas, los que se hab\u00edan dispersado en la persecuci\u00f3n provocada por lo de Esteban llegaron hasta Fenicia, Chipre y Antioqu\u00eda, sin predicar la palabra m\u00e1s que a los jud\u00edos. Pero algunos, naturales de Chipre y de Cirene, al llegar a Antioqu\u00eda, se pusieron a hablar tambi\u00e9n a los griegos, anunci\u00e1ndoles la Buena Nueva del Se\u00f1or Jes\u00fas. Como la mano del Se\u00f1or estaba con ellos, gran n\u00famero crey\u00f3 y se convirti\u00f3 al Se\u00f1or.<\/p>\n<p>Lleg\u00f3 la noticia a o\u00eddos de la Iglesia de Jerusal\u00e9n, y enviaron a Bernab\u00e9 a Antioqu\u00eda; al llegar y ver la acci\u00f3n de la gracia de Dios, se alegr\u00f3 y exhortaba a todos a seguir unidos al Se\u00f1or con todo empe\u00f1o, porque era un hombre bueno, lleno de Esp\u00edritu Santo y de fe. Y una multitud considerable se adhiri\u00f3 al Se\u00f1or.<\/p>\n<p>Bernab\u00e9 sali\u00f3 para Tarso en busca de Saulo; cuando lo encontr\u00f3, se lo llev\u00f3 a Antioqu\u00eda. Durante todo un a\u00f1o estuvieron juntos en aquella Iglesia e instruyeron a muchos. Fue en Antioqu\u00eda donde por primera vez los disc\u00edpulos fueron llamados cristianos.<\/p>\n<p><strong>Palabra de Dios.<\/strong><\/p>\n<p><strong>Te alabamos Se\u00f1or.<\/strong><\/p>\n<p>&nbsp;<\/p>\n<h4>Salmo de hoy del Salmo 86, 1-3, 4-5. 6-7<\/h4>\n<p>&nbsp;<\/p>\n<h4><\/h4>\n<h4>R\/. Alabad al Se\u00f1or, todas las naciones.<\/h4>\n<p>&nbsp;<\/p>\n<p>\u00c9l la ha cimentado sobre el monte santo;<br \/>\ny el Se\u00f1or prefiere las puertas de Si\u00f3n<br \/>\na todas las moradas de Jacob.<br \/>\n\u00a1Qu\u00e9 preg\u00f3n tan glorioso para ti,<br \/>\nciudad de Dios! R\/.<\/p>\n<p>\u00abContar\u00e9 a Egipto y a Babilonia<br \/>\nentre mis fieles;<br \/>\nfilisteos, tirios y et\u00edopes<br \/>\nhan nacido all\u00ed\u00bb.<br \/>\nSe dir\u00e1 de Si\u00f3n: \u00abUno por uno<br \/>\ntodos han nacido en ella;<br \/>\nel Alt\u00edsimo en persona la ha fundado\u00bb. R\/.<\/p>\n<p>El Se\u00f1or escribir\u00e1 en el registro de los pueblos:<br \/>\n\u00ab\u00c9ste ha nacido all\u00ed\u00bb.<br \/>\nY cantar\u00e1n mientras danzan:<br \/>\n\u00abTodas mis fuentes est\u00e1n en ti\u00bb. R\/.<\/p>\n<p>&nbsp;<\/p>\n<h4>Santo Evangelio del d\u00eda<\/h4>\n<p>&nbsp;<\/p>\n<h4><\/h4>\n<h4><\/h4>\n<h4>Lectura del Santo Evangelio seg\u00fan san Juan 10, 22-30<\/h4>\n<p>&nbsp;<\/p>\n<h4><\/h4>\n<p>Se celebraba en Jerusal\u00e9n la fiesta de la Dedicaci\u00f3n del templo. Era invierno, y Jes\u00fas se paseaba en el templo por el p\u00f3rtico de Salom\u00f3n.<\/p>\n<p>Los jud\u00edos, rode\u00e1ndolo, le preguntaban:<br \/>\n\u00ab\u00bfHasta cu\u00e1ndo nos vas a tener en suspenso? Si t\u00fa eres el Mes\u00edas, d\u00ednoslo francamente\u00bb.<\/p>\n<p>Jes\u00fas les respondi\u00f3:<br \/>\n\u00abOs lo he dicho, y no cre\u00e9is; las obras que yo hago en nombre de mi Padre, esas dan testimonio de m\u00ed. Pero vosotros no cre\u00e9is, porque no sois de mis ovejas. Mis ovejas escuchan mi voz, y yo las conozco, y ellas me siguen, y yo les doy la vida eterna; no perecer\u00e1n para siempre, y nadie las arrebatar\u00e1 de mi mano. Lo que mi Padre me ha dado es m\u00e1s que todas las cosas, y nadie puede arrebatar nada de la mano de mi Padre. Yo y el Padre somos uno\u00bb.<\/p>\n<p><strong>Palabra de El Se\u00f1or.<\/strong><\/p>\n<p><strong>Gloria y Honor a Ti, Se\u00f1or Jes\u00fas.<\/strong><\/p>\n<p>&nbsp;<\/p>\n<p><img decoding=\"async\" class=\"alignnone wp-image-4582\" src=\"https:\/\/ij-alliance.com\/informatevelatam\/wp-content\/uploads\/2026\/01\/ORACION-MARTES-27012026-300x265.jpeg\" alt=\"\" width=\"667\" height=\"589\" srcset=\"https:\/\/ij-alliance.com\/informatevelatam\/wp-content\/uploads\/2026\/01\/ORACION-MARTES-27012026-300x265.jpeg 300w, https:\/\/ij-alliance.com\/informatevelatam\/wp-content\/uploads\/2026\/01\/ORACION-MARTES-27012026-1024x906.jpeg 1024w, https:\/\/ij-alliance.com\/informatevelatam\/wp-content\/uploads\/2026\/01\/ORACION-MARTES-27012026.jpeg 1207w\" sizes=\"(max-width: 667px) 100vw, 667px\" \/><\/p>\n<p>&nbsp;<\/p>\n<h3 class=\"style-scope ytd-watch-metadata\">Evangelio de Hoy &#8211; Martes 28 Abril 2026 | Juan 10, 22-30 | Dominicos<\/h3>\n<p>&nbsp;<\/p>\n<p><iframe title=\"YouTube video player\" src=\"https:\/\/www.youtube.com\/embed\/39-azJUYzxY?si=T5VFg4IL7OIMPEmO\" width=\"560\" height=\"315\" frameborder=\"0\" allowfullscreen=\"allowfullscreen\"><\/iframe><\/p>\n<p>&nbsp;<\/p>\n<h3>Homil\u00eda de hoy con\u00a0<a href=\"https:\/\/www.youtube.com\/watch?v=PNZUh4Z__RA\" target=\"_blank\" rel=\"noopener\">Monse\u00f1or Jos\u00e9 Ignacio Munilla<\/a>, obispo de Orihuela-Alicante, Espa\u00f1a.<\/h3>\n<p>&nbsp;<\/p>\n<p><iframe title=\"YouTube video player\" src=\"https:\/\/www.youtube.com\/embed\/PNZUh4Z__RA?si=-IPZEOUtckbKNXJa\" width=\"560\" height=\"315\" frameborder=\"0\" allowfullscreen=\"allowfullscreen\"><\/iframe><\/p>\n<p>&nbsp;<\/p>\n<h3>Homil\u00eda de hoy con el\u00a0<a href=\"https:\/\/www.youtube.com\/watch?v=znRIFnsA088\" target=\"_blank\" rel=\"noopener\">P. Javier Carral\u00f3n<\/a>, Sacerdote del Instituto Secular Stabat Mater, Guadalajara, Jalisco, M\u00e9xico.<\/h3>\n<p>&nbsp;<\/p>\n<p><iframe title=\"YouTube video player\" src=\"https:\/\/www.youtube.com\/embed\/znRIFnsA088?si=9P2Jfcp8CKg-hh7_\" width=\"560\" height=\"315\" frameborder=\"0\" allowfullscreen=\"allowfullscreen\"><\/iframe><\/p>\n<p>&nbsp;<\/p>\n<h3>Homil\u00eda de hoy con el\u00a0<a href=\"https:\/\/www.youtube.com\/watch?v=YxPnNltsRoo\" target=\"_blank\" rel=\"noopener\">P. Pedro Justo Berr\u00edo<\/a>, de la Arquidi\u00f3cesis de Medell\u00edn, Colombia.<\/h3>\n<p>&nbsp;<\/p>\n<p><iframe title=\"YouTube video player\" src=\"https:\/\/www.youtube.com\/embed\/YxPnNltsRoo?si=c0h-CFTh08tbD5Qo\" width=\"560\" height=\"315\" frameborder=\"0\" allowfullscreen=\"allowfullscreen\"><\/iframe><\/p>\n<p>&nbsp;<\/p>\n<h3>Homil\u00eda de hoy con el\u00a0<a href=\"https:\/\/www.youtube.com\/watch?v=ONbhwCr4_io\" target=\"_blank\" rel=\"noopener\">Padre. Ronal Mauricio Pulido Mart\u00ednez<\/a>, de la Arquidi\u00f3cesis de Medell\u00edn, Colombia.<\/h3>\n<p>&nbsp;<\/p>\n<p><iframe title=\"YouTube video player\" src=\"https:\/\/www.youtube.com\/embed\/ONbhwCr4_io?si=G-NYY03hq1YHAHYQ\" width=\"560\" height=\"315\" frameborder=\"0\" allowfullscreen=\"allowfullscreen\"><\/iframe><\/p>\n<p>&nbsp;<\/p>\n<h3>Durante la Pascua hasta el d\u00eda de Pentecost\u00e9s rezaremos la oraci\u00f3n \u00ab<em>Regina Caeli<\/em>\u00bb en vez del \u00c1ngelus .<\/h3>\n<p>&nbsp;<\/p>\n<p><img decoding=\"async\" class=\"alignnone wp-image-5168\" src=\"https:\/\/ij-alliance.com\/informatevelatam\/wp-content\/uploads\/2026\/04\/Reina-del-Cielo-con-el-nino-Jesus-200x300.png\" sizes=\"(max-width: 633px) 100vw, 633px\" srcset=\"https:\/\/ij-alliance.com\/informatevelatam\/wp-content\/uploads\/2026\/04\/Reina-del-Cielo-con-el-nino-Jesus-200x300.png 200w, https:\/\/ij-alliance.com\/informatevelatam\/wp-content\/uploads\/2026\/04\/Reina-del-Cielo-con-el-nino-Jesus-683x1024.png 683w, https:\/\/ij-alliance.com\/informatevelatam\/wp-content\/uploads\/2026\/04\/Reina-del-Cielo-con-el-nino-Jesus-768x1152.png 768w, https:\/\/ij-alliance.com\/informatevelatam\/wp-content\/uploads\/2026\/04\/Reina-del-Cielo-con-el-nino-Jesus.png 1024w\" alt=\"\" width=\"633\" height=\"950\" \/><\/p>\n<p>&nbsp;<\/p>\n<p><strong>ESPA\u00d1OL<\/strong><\/p>\n<p><strong>G:<\/strong>\u00a0Reina del cielo, al\u00e9grate, aleluya.<br \/>\n<strong>T:<\/strong>\u00a0Porque el Se\u00f1or, a quien has llevado en tu vientre, aleluya.<\/p>\n<p><strong>G:<\/strong>\u00a0Ha resucitado seg\u00fan su palabra, aleluya.<br \/>\n<strong>T:<\/strong>\u00a0Ruega al Se\u00f1or por nosotros, aleluya.<\/p>\n<p><strong>G:<\/strong>\u00a0Goza y al\u00e9grate Virgen Mar\u00eda, aleluya.<br \/>\n<strong>T:<\/strong>\u00a0Porque en verdad ha resucitado el Se\u00f1or, aleluya.<\/p>\n<p><strong>Oremos:<\/strong><br \/>\nOh Dios, que por la resurrecci\u00f3n de Tu Hijo, Nuestro Se\u00f1or Jesucristo, has llenado el mundo de alegr\u00eda, conc\u00e9denos, por intercesi\u00f3n de su Madre, la Virgen Mar\u00eda, llegar a los gozos eternos. Por Jesucristo Nuestro Se\u00f1or. Amen.<\/p>\n<p>Gloria al Padre y al Hijo y al Esp\u00edritu Santo, como era en el principio ahora y siempre por los siglos de los siglos. Amen. (tres veces)<\/p>\n<p>________________________________________________________________________<\/p>\n<p><strong>LAT\u00cdN<\/strong><\/p>\n<p><strong>V:\u00a0<\/strong>Regina caeli, laetare, alleluia.<br \/>\n<strong>R:\u00a0<\/strong>Quia quem meruisti portare, alleluia.<\/p>\n<p><strong>V:\u00a0<\/strong>Resurrexit, sicut dixit, alleluia.<br \/>\n<strong>R:\u00a0<\/strong>Ora pro nobis Deum, alleluia.<\/p>\n<p><strong>V:\u00a0<\/strong>Gaude et laetare Virgo Mar\u00eda, alleluia.<br \/>\n<strong>R:\u00a0<\/strong>Quia surrexit Dominus vere, alleluia.<\/p>\n<p><strong>Oremus:<\/strong><br \/>\nDeus, qui per resurrectionem Filii tui, Domini nostri Iesu Christi, mundum laetificare dignatus es: praesta, quaesumus; ut, per eius Genetricem Virginem Mariam, perpetuae capiamus gaudia vitae. Per eundem Christum Dominum nostrum. Amen.<\/p>\n<p>Gloria Patri, et Fili, et Spiritui Sancto. Sicut erat in principio, et nunc et semper, et in saeccula saeculorum. Amen. (3 veces)<\/p>\n<p><em>Benedicto XIV estableci\u00f3, en 1742, que durante el tiempo Pascual (desde la Resurrecci\u00f3n del Se\u00f1or hasta el d\u00eda de Pentecost\u00e9s) se sustituyera el rezo del \u00c1ngelus por la ant\u00edfona \u00abRegina Caeli\u00bb.<\/em><\/p>\n<p>&nbsp;<\/p>\n<h3>Reflexi\u00f3n:\u00a0<a href=\"https:\/\/www.youtube.com\/watch?v=KEPd3xeDxZw&amp;list=PL5fSZ8ew13hDZsdpeharoCaLqVhpgCUIT&amp;index=22\" target=\"_blank\" rel=\"noopener\">Medios para obtener la paz interior &#8211; buscar al Dios de los consuelos<\/a>, con el P. Jos\u00e9 Gabriel Ansaldi, (OSE), desde Paj\u00e1n, Ecuador.<\/h3>\n<p>&nbsp;<\/p>\n<p><iframe title=\"YouTube video player\" src=\"https:\/\/www.youtube.com\/embed\/KEPd3xeDxZw?si=CzbyTR843m3_P50X\" width=\"560\" height=\"315\" frameborder=\"0\" allowfullscreen=\"allowfullscreen\"><\/iframe><\/p>\n<p>&nbsp;<\/p>\n<h3>Conozcamos al santo de hoy, <strong class=\"Yjhzub\" data-sfc-root=\"c\" data-sfc-cb=\"\" data-processed=\"true\">San Luis Mar\u00eda Grignion de Montfort, con los canales de youtube El santo del d\u00eda y Mater Mundi.<\/strong><\/h3>\n<p>&nbsp;<\/p>\n<p><iframe title=\"YouTube video player\" src=\"https:\/\/www.youtube.com\/embed\/mfduxObW8ZQ?si=TjiVQTaiJeDblaY6\" width=\"560\" height=\"315\" frameborder=\"0\" allowfullscreen=\"allowfullscreen\"><\/iframe><\/p>\n<p><iframe title=\"YouTube video player\" src=\"https:\/\/www.youtube.com\/embed\/8bheYnuxqzQ?si=LoMGI5QPlMyhqXJU\" width=\"560\" height=\"315\" frameborder=\"0\" allowfullscreen=\"allowfullscreen\"><\/iframe><\/p>\n<p>&nbsp;<\/p>\n<h3>Recemos juntos el Santo Rosario en lat\u00edn con el\u00a0<a href=\"https:\/\/www.youtube.com\/@ProyectoDominusTecum\" target=\"_blank\" rel=\"noopener\">\u00a0Proyecto Dominus Tecum<\/a><\/h3>\n<p>&nbsp;<\/p>\n<h3>Hoy contemplamos los\u00a0<a href=\"https:\/\/www.youtube.com\/watch?v=h1PfJo_PN38&amp;t=34s\" target=\"_blank\" rel=\"noopener\">Misterios Dolorosos.<\/a><\/h3>\n<p>&nbsp;<\/p>\n<p><iframe title=\"YouTube video player\" src=\"https:\/\/www.youtube.com\/embed\/h1PfJo_PN38?si=oHkZQTPKZYp5e1_w\" width=\"560\" height=\"315\" frameborder=\"0\" allowfullscreen=\"allowfullscreen\" data-mce-fragment=\"1\"><\/iframe><\/p>\n<p>&nbsp;<\/p>\n<h4>Ver y rezar:\u00a0<a href=\"https:\/\/liturgiadelashoras.github.io\/sync\/2026\/abr\/28\/\" target=\"_blank\" rel=\"noopener\">Liturgia de Las Horas para hoy Martes de la IV Semana de Pascua<\/a><\/h4>\n<p>&nbsp;<\/p>\n<h4>Ver tambi\u00e9n:\u00a0<a href=\"https:\/\/ij-alliance.com\/informatevelatam\/santa-misa-y-liturgia-de-la-palabra-del-lunes-de-la-iv-semana-de-pascua-27042026\/\" target=\"_blank\" rel=\"noopener\">Santa Misa y Liturgia de La Palabra del Lunes de la IV Semana de Pascua 27042026<\/a><\/h4>\n<p>&nbsp;<\/p>\n<h4>Les obsequiamos un especial de Pascua de Resurrecci\u00f3n:\u00a0<a href=\"https:\/\/ij-alliance.com\/informatevelatam\/el-santo-rosario-un-camino-sencillo-para-encontrarse-con-dios\/\" target=\"_blank\" rel=\"noopener\">El Santo Rosario: un camino sencillo para encontrarse con Dios<\/a>, incluye el\u00a0<a href=\"https:\/\/drive.google.com\/file\/d\/1N-aO1kZuz4C1Uyl-4X_u7-VRaBdLHdIY\/view\" target=\"_blank\" rel=\"noopener\">Santo Rosario en lat\u00edn y espa\u00f1ol \u2013 Theios Parrhes\u00eda<\/a>\u00a0para ver y descargar.<\/h4>\n","protected":false},"excerpt":{"rendered":"<p>Imagen: Jes\u00fas, ense\u00f1ando en el templo antiguo. Theios Parrhes\u00eda. &nbsp; &nbsp; Santa Misa presidida por el\u00a0\u00a0Presb\u00edtero Jos\u00e9 Arturo L\u00f3pez Cornejo,\u00a0desde el Templo de San Juan Bautista del pueblo de Acatl\u00e1n, estado de Guerrero, M\u00e9xico. &nbsp; &nbsp; Santa Misa presidida por el\u00a0\u00a0Presb\u00edtero Rafael Hern\u00e1ndez Ortiz,\u00a0desde la parroquia Nuestra Se\u00f1ora del Perpetuo Socorro, Municipio Aut\u00f3nomo de Caguas, [&hellip;]<\/p>\n","protected":false},"author":2,"featured_media":5288,"comment_status":"open","ping_status":"open","sticky":false,"template":"","format":"standard","meta":{"site-sidebar-layout":"default","site-content-layout":"","ast-site-content-layout":"default","site-content-style":"default","site-sidebar-style":"default","ast-global-header-display":"","ast-banner-title-visibility":"","ast-main-header-display":"","ast-hfb-above-header-display":"","ast-hfb-below-header-display":"","ast-hfb-mobile-header-display":"","site-post-title":"","ast-breadcrumbs-content":"","ast-featured-img":"","footer-sml-layout":"","ast-disable-related-posts":"","theme-transparent-header-meta":"default","adv-header-id-meta":"","stick-header-meta":"","header-above-stick-meta":"","header-main-stick-meta":"","header-below-stick-meta":"","astra-migrate-meta-layouts":"set","ast-page-background-enabled":"default","ast-page-background-meta":{"desktop":{"background-color":"","background-image":"","background-repeat":"repeat","background-position":"center center","background-size":"auto","background-attachment":"scroll","background-type":"","background-media":"","overlay-type":"","overlay-color":"","overlay-opacity":"","overlay-gradient":""},"tablet":{"background-color":"","background-image":"","background-repeat":"repeat","background-position":"center center","background-size":"auto","background-attachment":"scroll","background-type":"","background-media":"","overlay-type":"","overlay-color":"","overlay-opacity":"","overlay-gradient":""},"mobile":{"background-color":"","background-image":"","background-repeat":"repeat","background-position":"center center","background-size":"auto","background-attachment":"scroll","background-type":"","background-media":"","overlay-type":"","overlay-color":"","overlay-opacity":"","overlay-gradient":""}},"ast-content-background-meta":{"desktop":{"background-color":"var(--ast-global-color-5)","background-image":"","background-repeat":"repeat","background-position":"center center","background-size":"auto","background-attachment":"scroll","background-type":"","background-media":"","overlay-type":"","overlay-color":"","overlay-opacity":"","overlay-gradient":""},"tablet":{"background-color":"var(--ast-global-color-5)","background-image":"","background-repeat":"repeat","background-position":"center center","background-size":"auto","background-attachment":"scroll","background-type":"","background-media":"","overlay-type":"","overlay-color":"","overlay-opacity":"","overlay-gradient":""},"mobile":{"background-color":"var(--ast-global-color-5)","background-image":"","background-repeat":"repeat","background-position":"center center","background-size":"auto","background-attachment":"scroll","background-type":"","background-media":"","overlay-type":"","overlay-color":"","overlay-opacity":"","overlay-gradient":""}},"footnotes":""},"categories":[550,12,1235,2],"tags":[143,1266,795,1211,1193,225,1269,183,475,345,1253,732,893,373,543,49,48,474,33,1273,783,1214,890,733,1268,657,1270,1267,1271,1168,1248,1249,1272,68,31,34,839,1191,923],"class_list":["post-5287","post","type-post","status-publish","format-standard","has-post-thumbnail","hentry","category-100-catolicos","category-misa-diaria","category-pascua-de-resurreccion-2026","category-religioso","tag-arquidiocesis-de-guayaquil","tag-arquidiocesis-de-medellin","tag-arquidiocesis-de-portoviejo","tag-arquidiocesis-de-san-salvador","tag-canal-13-teleoro","tag-dei-verbum","tag-diocesis-de-pereira","tag-dominicos","tag-dominicos-org","tag-el-santo-del-dia","tag-en-ti-confio","tag-espiritualidad-catolica","tag-espiritualidad-catolica-ose","tag-iglesia-catolica-de-colombia","tag-iglesia-catolica-de-ecuador","tag-ij-alliance","tag-informa-te-ve-latam","tag-informatevelatam","tag-liturgia-de-la-palabra","tag-mater-mundi","tag-misterios-dolorosos","tag-monsenor-jose-ignacio-munilla","tag-orden-san-elias","tag-orden-san-elias-ose","tag-padre-deimer-manuel-benitez-teran","tag-padre-jose-gabriel-ansaldi","tag-padre-pedro-justo-berrio","tag-padre-rafael-hernandez-ortiz","tag-padre-ronal-mauricio-pulido-ramirez","tag-proyecto-dominus-tecum","tag-regina-caeli","tag-reina-del-cielo","tag-san-luis-maria-grignion-de-montfort","tag-santa-misa","tag-santa-misa-diaria","tag-santa-misa-y-liturgia-de-la-palabra","tag-santo-rosario-en-latin","tag-televid","tag-theios-parrhesia"],"_links":{"self":[{"href":"https:\/\/ij-alliance.com\/informatevelatam\/wp-json\/wp\/v2\/posts\/5287","targetHints":{"allow":["GET"]}}],"collection":[{"href":"https:\/\/ij-alliance.com\/informatevelatam\/wp-json\/wp\/v2\/posts"}],"about":[{"href":"https:\/\/ij-alliance.com\/informatevelatam\/wp-json\/wp\/v2\/types\/post"}],"author":[{"embeddable":true,"href":"https:\/\/ij-alliance.com\/informatevelatam\/wp-json\/wp\/v2\/users\/2"}],"replies":[{"embeddable":true,"href":"https:\/\/ij-alliance.com\/informatevelatam\/wp-json\/wp\/v2\/comments?post=5287"}],"version-history":[{"count":7,"href":"https:\/\/ij-alliance.com\/informatevelatam\/wp-json\/wp\/v2\/posts\/5287\/revisions"}],"predecessor-version":[{"id":5295,"href":"https:\/\/ij-alliance.com\/informatevelatam\/wp-json\/wp\/v2\/posts\/5287\/revisions\/5295"}],"wp:featuredmedia":[{"embeddable":true,"href":"https:\/\/ij-alliance.com\/informatevelatam\/wp-json\/wp\/v2\/media\/5288"}],"wp:attachment":[{"href":"https:\/\/ij-alliance.com\/informatevelatam\/wp-json\/wp\/v2\/media?parent=5287"}],"wp:term":[{"taxonomy":"category","embeddable":true,"href":"https:\/\/ij-alliance.com\/informatevelatam\/wp-json\/wp\/v2\/categories?post=5287"},{"taxonomy":"post_tag","embeddable":true,"href":"https:\/\/ij-alliance.com\/informatevelatam\/wp-json\/wp\/v2\/tags?post=5287"}],"curies":[{"name":"wp","href":"https:\/\/api.w.org\/{rel}","templated":true}]}}