{"id":5296,"date":"2026-04-29T07:45:43","date_gmt":"2026-04-29T12:45:43","guid":{"rendered":"https:\/\/ij-alliance.com\/informatevelatam\/?p=5296"},"modified":"2026-04-29T18:59:47","modified_gmt":"2026-04-29T23:59:47","slug":"santa-catalina-de-siena-santa-misa-y-liturgia-de-la-palabra-del-miercoles-de-la-iv-semana-de-pascua-29042026","status":"publish","type":"post","link":"https:\/\/ij-alliance.com\/informatevelatam\/santa-catalina-de-siena-santa-misa-y-liturgia-de-la-palabra-del-miercoles-de-la-iv-semana-de-pascua-29042026\/","title":{"rendered":"Santa Catalina de Siena &#8211; Santa Misa y Liturgia de La Palabra del Mi\u00e9rcoles de la IV Semana de Pascua 29042026"},"content":{"rendered":"<p><em><strong>Imagen: Santa Catalina de Siena. Theios Parrhes\u00eda.<\/strong><\/em><\/p>\n<p>&nbsp;<\/p>\n<p><img fetchpriority=\"high\" decoding=\"async\" class=\"alignnone wp-image-4602\" src=\"https:\/\/ij-alliance.com\/informatevelatam\/wp-content\/uploads\/2026\/01\/nuevo-logo-con-logo-de-Theios-Parrhesia-de-Santa-Misa-2-300x300.png\" alt=\"\" width=\"637\" height=\"637\" srcset=\"https:\/\/ij-alliance.com\/informatevelatam\/wp-content\/uploads\/2026\/01\/nuevo-logo-con-logo-de-Theios-Parrhesia-de-Santa-Misa-2-300x300.png 300w, https:\/\/ij-alliance.com\/informatevelatam\/wp-content\/uploads\/2026\/01\/nuevo-logo-con-logo-de-Theios-Parrhesia-de-Santa-Misa-2-150x150.png 150w, https:\/\/ij-alliance.com\/informatevelatam\/wp-content\/uploads\/2026\/01\/nuevo-logo-con-logo-de-Theios-Parrhesia-de-Santa-Misa-2-768x768.png 768w, https:\/\/ij-alliance.com\/informatevelatam\/wp-content\/uploads\/2026\/01\/nuevo-logo-con-logo-de-Theios-Parrhesia-de-Santa-Misa-2.png 1024w\" sizes=\"(max-width: 637px) 100vw, 637px\" \/><\/p>\n<p>&nbsp;<\/p>\n<h3>Santa Misa presidida por el\u00a0\u00a0<a href=\"https:\/\/www.youtube.com\/watch?v=XoeNsuutFb8&amp;t=2160s\" target=\"_blank\" rel=\"noopener\">Presb\u00edtero Jos\u00e9 Arturo L\u00f3pez Cornejo,\u00a0<\/a>desde el Templo de San Juan Bautista del pueblo de Acatl\u00e1n, estado de Guerrero, M\u00e9xico.<\/h3>\n<p>&nbsp;<\/p>\n<p><iframe title=\"YouTube video player\" src=\"https:\/\/www.youtube.com\/embed\/XoeNsuutFb8?si=05CFJYShsQy7MZU8\" width=\"560\" height=\"315\" frameborder=\"0\" allowfullscreen=\"allowfullscreen\"><\/iframe><\/p>\n<p>&nbsp;<\/p>\n<h3>Santa Misa presidida por el\u00a0\u00a0<a href=\"https:\/\/www.youtube.com\/watch?v=U-oNo50kPMo\" target=\"_blank\" rel=\"noopener\">Presb\u00edtero Mart\u00edn \u00c1valos Maga\u00f1a,\u00a0<\/a>desde la parroquia Madre de El Salvador, ciudad de Santa Ana, El Salvador.<\/h3>\n<p>&nbsp;<\/p>\n<p><iframe title=\"YouTube video player\" src=\"https:\/\/www.youtube.com\/embed\/U-oNo50kPMo?si=etsbCZJXkqBAmQYN\" width=\"560\" height=\"315\" frameborder=\"0\" allowfullscreen=\"allowfullscreen\"><\/iframe><\/p>\n<p>&nbsp;<\/p>\n<h3>Santa Misa presidida por el padre <a href=\"https:\/\/www.youtube.com\/watch?v=TTnQzlDZSk4\" target=\"_blank\" rel=\"noopener\">Deimer Manuel Ben\u00edtez Ter\u00e1n\u00a0<\/a>sacerdote misionero de la parroquia Nuestra Se\u00f1ora del Carmen, Purembar\u00e1, Di\u00f3cesis de Pereira, Colombia, transmitida desde la Capilla del Se\u00f1or Jes\u00fas en nuestro canal Tele VID.<\/h3>\n<p>&nbsp;<\/p>\n<p><iframe title=\"YouTube video player\" src=\"https:\/\/www.youtube.com\/embed\/TTnQzlDZSk4?si=ovjL-Flc8WSMVWOE\" width=\"560\" height=\"315\" frameborder=\"0\" allowfullscreen=\"allowfullscreen\"><\/iframe><\/p>\n<p>&nbsp;<\/p>\n<h3>Liturgia de la Palabra del Mi\u00e9rcoles de la IV Semana de Pascua.<\/h3>\n<p>&nbsp;<\/p>\n<p><strong>Tomado de:\u00a0<a href=\"https:\/\/www.eucaristiadiaria.cl\/dia.php\" target=\"_blank\" rel=\"noopener\">Lectura y Santo Evangelio de hoy 29-04-2026 &#8211; Arzobispado de Santiago de Chile<\/a><\/strong><\/p>\n<p>&nbsp;<\/p>\n<p><strong><em>Res\u00e9rvame a Saulo y a Bernab\u00e9<\/em><\/strong><\/p>\n<p>&nbsp;<\/p>\n<h4>Lectura de los Hechos de los Ap\u00f3stoles\u00a012, 24-13, 5<\/h4>\n<p>&nbsp;<\/p>\n<p>La Palabra de Dios se difund\u00eda incesantemente. Bernab\u00e9 y Saulo, una vez cumplida su misi\u00f3n, volvieron de Jerusal\u00e9n a Antioqu\u00eda, llevando consigo a Juan, llamado Marcos.<\/p>\n<p>En la Iglesia de Antioqu\u00eda hab\u00eda profetas y doctores, entre los cuales estaban Bernab\u00e9 y Sime\u00f3n, llamado el Negro, Lucio de Cirene, Manah\u00e9n, amigo de infancia del tetrarca Herodes, y Saulo.<\/p>\n<p>Un d\u00eda, mientras celebraban el culto del Se\u00f1or y ayunaban, el Esp\u00edritu Santo les dijo: \u201cRes\u00e9rvenme a Saulo y a Bernab\u00e9 para la obra a la cual los he llamado\u201d.<\/p>\n<p>Ellos, despu\u00e9s de haber ayunado y orado, les impusieron las manos y los despidieron. Saulo y Bernab\u00e9, enviados por el Esp\u00edritu Santo, fueron a Seleucia y de all\u00ed se embarcaron para Chipre. Al llegar a Salamina anunciaron la Palabra de Dios en las sinagogas de los jud\u00edos, y Juan colaboraba con ellos.<\/p>\n<p><strong>Palabra de Dios.<\/strong><\/p>\n<p><strong>Te alabamos Se\u00f1or.<\/strong><\/p>\n<p>&nbsp;<\/p>\n<h4>SALMO RESPONSORIAL 66, 2-3. 5-6. 8<\/h4>\n<p>&nbsp;<\/p>\n<h4>R\/.\u00a0\u00a1Que los pueblos te den gracias, Se\u00f1or!<\/h4>\n<p>&nbsp;<\/p>\n<p>El Se\u00f1or tenga piedad y nos bendiga, haga brillar su rostro sobre nosotros, para que en la tierra se reconozca su dominio, y su victoria entre las naciones.\u00a0R\/.<\/p>\n<p>Que todos los pueblos te den gracias. Que canten de alegr\u00eda las naciones, porque gobiernas a los pueblos con justicia y gu\u00edas a las naciones de la tierra.\u00a0R\/.<\/p>\n<p>\u00a1Que los pueblos te den gracias, Se\u00f1or, que todos los pueblos te den gracias! Que Dios nos bendiga, y lo teman todos los confines de la tierra.\u00a0R\/.<\/p>\n<p>&nbsp;<\/p>\n<h4>SANTO EVANGELIO<\/h4>\n<p>&nbsp;<\/p>\n<p><strong>Compartido por el P. Roberto Rodr\u00edguez, Rector del\u00a0<a href=\"https:\/\/seminariomayor.org\/seminar\/\" target=\"_blank\" rel=\"noopener\">Seminario Mayor de Guayaquil \u00abFrancisco Xavier de Garaycoa\u00bb<\/a><\/strong><\/p>\n<h4><\/h4>\n<p>&nbsp;<\/p>\n<h4>Lectura del Santo Evangelio seg\u00fan san Juan 12, 44-50<\/h4>\n<p>&nbsp;<\/p>\n<p>En aquel tiempo, exclam\u00f3 Jes\u00fas con fuerte voz: \u00abEl que cree en m\u00ed, no cree en m\u00ed, sino en aquel que me ha enviado; el que me ve a m\u00ed ve a aquel que me ha enviado. Yo he venido al mundo como luz, para que el que crea en m\u00ed no siga en tinieblas.<\/p>\n<p>Si alguno oye mis palabras y no las pone en pr\u00e1ctica, yo no lo voy a condenar; porque no he venido al mundo para condenar al mundo, sino para salvarlo.<\/p>\n<p>El que me rechaza y no acepta mis palabras, tiene ya quien lo condene: las palabras que yo he hablado lo condenar\u00e1n en el \u00faltimo d\u00eda. Porque yo no he hablado por mi cuenta, sino que mi Padre, que me envi\u00f3, me ha mandado lo que tengo que decir y hablar. Y yo s\u00e9 que su mandamiento es vida eterna. As\u00ed pues, lo que hablo, lo digo como el Padre me lo ha dicho\u00bb.<\/p>\n<p><strong>Palabra de El Se\u00f1or.<\/strong><\/p>\n<p><strong>Gloria y Honor a Ti, Se\u00f1or Jes\u00fas.<\/strong><\/p>\n<p>&nbsp;<\/p>\n<h5>Reflexi\u00f3n<\/h5>\n<p>&nbsp;<\/p>\n<p>En este Evangelio, Jes\u00fas proclama que quien cree en \u00c9l, cree en el Padre. Jes\u00fas no est\u00e1 buscando seguidores por prestigio personal, est\u00e1 revelando que en \u00c9l se nos da el acceso al Padre.<\/p>\n<p>El mundo de hoy muchas veces ha reducido a Cristo como un maestro moral o como un inspirador espiritual, o como una figura hist\u00f3rica admirable, pero aqu\u00ed Jes\u00fas elimina esas posibilidades. Quien lo escucha est\u00e1 delante del mismo Dios actuando en la historia. Adem\u00e1s, \u00c9l dice en el Evangelio: \u2018Yo he venido como luz al mundo\u2019, y la luz sabemos que no obliga, simplemente ilumina, o sea, no fuerza, simplemente revela.<\/p>\n<p>Y la pregunta no es si la luz existe, sino si queremos salir de la oscuridad. Su luz es la que salva, pero si cerramos el coraz\u00f3n, si cerramos nuestros ojos a la luz, estamos rechazando su verdad y su salvaci\u00f3n. En este mundo quien lo hace queda encerrado en sus propias tinieblas.<\/p>\n<p>Y es muy iluminador lo que nos ense\u00f1a Santo Tom\u00e1s de Aquino en la Suma Teol\u00f3gica, en donde explica que Cristo en su primera venida, vino como Salvador. El juicio definitivo pertenece a su segunda venida gloriosa, pero que ahora es el tiempo de misericordia. Pero esa misericordia exige respuesta, y esa respuesta es concreta: acoger su Palabra, porque su Palabra, \u00c9l mismo lo dice, Jes\u00fas, es vida eterna y es un mandato que conduce a la comuni\u00f3n con Dios.<\/p>\n<p>La cuesti\u00f3n es si creemos en \u00c9l como el enviado del Padre y si dejamos que su luz transforme nuestras decisiones, nuestros criterios, nuestra vida entera. La Iglesia nunca nos va a proponer ideas, nos va a proponer la persona de Cristo. Y ante esa persona no hay neutralidad: o se entra en la luz o se permanece en la oscuridad. Pidamos la gracia de creer de verdad y no de palabra, sino con la vida, de que Jes\u00fas es nuestra Luz.<\/p>\n<p>&nbsp;<\/p>\n<p><img decoding=\"async\" class=\"alignnone wp-image-5297\" src=\"https:\/\/ij-alliance.com\/informatevelatam\/wp-content\/uploads\/2026\/04\/ORACION-MIERCOLES-29042026-300x265.jpeg\" alt=\"\" width=\"619\" height=\"547\" srcset=\"https:\/\/ij-alliance.com\/informatevelatam\/wp-content\/uploads\/2026\/04\/ORACION-MIERCOLES-29042026-300x265.jpeg 300w, https:\/\/ij-alliance.com\/informatevelatam\/wp-content\/uploads\/2026\/04\/ORACION-MIERCOLES-29042026-1024x906.jpeg 1024w, https:\/\/ij-alliance.com\/informatevelatam\/wp-content\/uploads\/2026\/04\/ORACION-MIERCOLES-29042026-768x680.jpeg 768w, https:\/\/ij-alliance.com\/informatevelatam\/wp-content\/uploads\/2026\/04\/ORACION-MIERCOLES-29042026.jpeg 1207w\" sizes=\"(max-width: 619px) 100vw, 619px\" \/><\/p>\n<p>&nbsp;<\/p>\n<h3>Homil\u00eda de hoy con\u00a0<a href=\"https:\/\/www.youtube.com\/watch?v=yExhLd5cT4g\" target=\"_blank\" rel=\"noopener\">Monse\u00f1or Jos\u00e9 Ignacio Munilla<\/a>, obispo de Orihuela-Alicante, Espa\u00f1a.<\/h3>\n<p>&nbsp;<\/p>\n<p><iframe title=\"YouTube video player\" src=\"https:\/\/www.youtube.com\/embed\/yExhLd5cT4g?si=Be5Bp1Ze75x7K0i8\" width=\"560\" height=\"315\" frameborder=\"0\" allowfullscreen=\"allowfullscreen\"><\/iframe><\/p>\n<p>&nbsp;<\/p>\n<h3>Homil\u00eda de hoy con el\u00a0<a href=\"https:\/\/www.youtube.com\/watch?v=yExhLd5cT4g\" target=\"_blank\" rel=\"noopener\">P. Javier Carral\u00f3n<\/a>, Sacerdote del Instituto Secular Stabat Mater, Guadalajara, Jalisco, M\u00e9xico.<\/h3>\n<p>&nbsp;<\/p>\n<p><iframe title=\"YouTube video player\" src=\"https:\/\/www.youtube.com\/embed\/1_mNGYueKoM?si=AO4bVn181RfBMGmn\" width=\"560\" height=\"315\" frameborder=\"0\" allowfullscreen=\"allowfullscreen\"><\/iframe><\/p>\n<p>&nbsp;<\/p>\n<h3>Homil\u00eda de hoy con el\u00a0<a href=\"https:\/\/www.youtube.com\/watch?v=Hc1koV6iwKQ\" target=\"_blank\" rel=\"noopener\">P. Santiago Mart\u00edn,<\/a> Franciscanos de Mar\u00eda, Magnificat.TV desde Madrid, Espa\u00f1a.<\/h3>\n<p>&nbsp;<\/p>\n<p><iframe title=\"YouTube video player\" src=\"https:\/\/www.youtube.com\/embed\/Hc1koV6iwKQ?si=NbNovVWXmZeu2p0F\" width=\"560\" height=\"315\" frameborder=\"0\" allowfullscreen=\"allowfullscreen\"><\/iframe><\/p>\n<p>&nbsp;<\/p>\n<h3 class=\"style-scope ytd-watch-metadata\">Evangelio del d\u00eda | Padre Mart\u00edn \u00c1valos, parroquia Madre de El Salvador, ciudad de Santa Ana, El Salvador. 29 de abril de 2026<\/h3>\n<p>&nbsp;<\/p>\n<p><iframe title=\"YouTube video player\" src=\"https:\/\/www.youtube.com\/embed\/i7-h7f3IV3w?si=1nlWXV_QGP6Ov0uc\" width=\"560\" height=\"315\" frameborder=\"0\" allowfullscreen=\"allowfullscreen\"><\/iframe><\/p>\n<p>&nbsp;<\/p>\n<h3>Durante la Pascua hasta el d\u00eda de Pentecost\u00e9s rezaremos la oraci\u00f3n \u00ab<em>Regina Caeli<\/em>\u00bb en vez del \u00c1ngelus .<\/h3>\n<p>&nbsp;<\/p>\n<p><img decoding=\"async\" class=\"alignnone wp-image-5168\" src=\"https:\/\/ij-alliance.com\/informatevelatam\/wp-content\/uploads\/2026\/04\/Reina-del-Cielo-con-el-nino-Jesus-200x300.png\" sizes=\"(max-width: 633px) 100vw, 633px\" srcset=\"https:\/\/ij-alliance.com\/informatevelatam\/wp-content\/uploads\/2026\/04\/Reina-del-Cielo-con-el-nino-Jesus-200x300.png 200w, https:\/\/ij-alliance.com\/informatevelatam\/wp-content\/uploads\/2026\/04\/Reina-del-Cielo-con-el-nino-Jesus-683x1024.png 683w, https:\/\/ij-alliance.com\/informatevelatam\/wp-content\/uploads\/2026\/04\/Reina-del-Cielo-con-el-nino-Jesus-768x1152.png 768w, https:\/\/ij-alliance.com\/informatevelatam\/wp-content\/uploads\/2026\/04\/Reina-del-Cielo-con-el-nino-Jesus.png 1024w\" alt=\"\" width=\"633\" height=\"950\" \/><\/p>\n<p>&nbsp;<\/p>\n<p><strong>ESPA\u00d1OL<\/strong><\/p>\n<p><strong>G:<\/strong>\u00a0Reina del cielo, al\u00e9grate, aleluya.<br \/>\n<strong>T:<\/strong>\u00a0Porque el Se\u00f1or, a quien has llevado en tu vientre, aleluya.<\/p>\n<p><strong>G:<\/strong>\u00a0Ha resucitado seg\u00fan su palabra, aleluya.<br \/>\n<strong>T:<\/strong>\u00a0Ruega al Se\u00f1or por nosotros, aleluya.<\/p>\n<p><strong>G:<\/strong>\u00a0Goza y al\u00e9grate Virgen Mar\u00eda, aleluya.<br \/>\n<strong>T:<\/strong>\u00a0Porque en verdad ha resucitado el Se\u00f1or, aleluya.<\/p>\n<p><strong>Oremos:<\/strong><br \/>\nOh Dios, que por la resurrecci\u00f3n de Tu Hijo, Nuestro Se\u00f1or Jesucristo, has llenado el mundo de alegr\u00eda, conc\u00e9denos, por intercesi\u00f3n de su Madre, la Virgen Mar\u00eda, llegar a los gozos eternos. Por Jesucristo Nuestro Se\u00f1or. Amen.<\/p>\n<p>Gloria al Padre y al Hijo y al Esp\u00edritu Santo, como era en el principio ahora y siempre por los siglos de los siglos. Amen. (tres veces)<\/p>\n<p>________________________________________________________________________<\/p>\n<p><strong>LAT\u00cdN<\/strong><\/p>\n<p><strong>V:\u00a0<\/strong>Regina caeli, laetare, alleluia.<br \/>\n<strong>R:\u00a0<\/strong>Quia quem meruisti portare, alleluia.<\/p>\n<p><strong>V:\u00a0<\/strong>Resurrexit, sicut dixit, alleluia.<br \/>\n<strong>R:\u00a0<\/strong>Ora pro nobis Deum, alleluia.<\/p>\n<p><strong>V:\u00a0<\/strong>Gaude et laetare Virgo Mar\u00eda, alleluia.<br \/>\n<strong>R:\u00a0<\/strong>Quia surrexit Dominus vere, alleluia.<\/p>\n<p><strong>Oremus:<\/strong><br \/>\nDeus, qui per resurrectionem Filii tui, Domini nostri Iesu Christi, mundum laetificare dignatus es: praesta, quaesumus; ut, per eius Genetricem Virginem Mariam, perpetuae capiamus gaudia vitae. Per eundem Christum Dominum nostrum. Amen.<\/p>\n<p>Gloria Patri, et Fili, et Spiritui Sancto. Sicut erat in principio, et nunc et semper, et in saeccula saeculorum. Amen. (3 veces)<\/p>\n<p><em>Benedicto XIV estableci\u00f3, en 1742, que durante el tiempo Pascual (desde la Resurrecci\u00f3n del Se\u00f1or hasta el d\u00eda de Pentecost\u00e9s) se sustituyera el rezo del \u00c1ngelus por la ant\u00edfona \u00abRegina Caeli\u00bb.<\/em><\/p>\n<p>&nbsp;<\/p>\n<h3>Reflexi\u00f3n:\u00a0<a href=\"https:\/\/www.youtube.com\/watch?v=9kPAqn8d2T0&amp;list=PL5fSZ8ew13hDZsdpeharoCaLqVhpgCUIT&amp;index=23\" target=\"_blank\" rel=\"noopener\">Medios para obtener la paz interior &#8211; la serenidad en los movimientos<\/a>, con el P. Jos\u00e9 Gabriel Ansaldi, (OSE), desde Paj\u00e1n, Ecuador.<\/h3>\n<p>&nbsp;<\/p>\n<p><iframe title=\"YouTube video player\" src=\"https:\/\/www.youtube.com\/embed\/9kPAqn8d2T0?si=VWEfwtaMVLaMnYU1\" width=\"560\" height=\"315\" frameborder=\"0\" allowfullscreen=\"allowfullscreen\"><\/iframe><\/p>\n<p>&nbsp;<\/p>\n<h3>Conozcamos a la santa de hoy, <strong class=\"Yjhzub\" data-sfc-root=\"c\" data-sfc-cb=\"\" data-processed=\"true\">Santa Catalina de Siena con el P. Jos\u00e9 de Jes\u00fas Aguilar Vald\u00e9s y Santuario de los m\u00e1rtires desde M\u00e9xico y Mater Mundi de Francia.<\/strong><\/h3>\n<p>&nbsp;<\/p>\n<p><iframe title=\"YouTube video player\" src=\"https:\/\/www.youtube.com\/embed\/bK2dIGfpIhg?si=ivo-Rk3JrJXEsS7r\" width=\"560\" height=\"315\" frameborder=\"0\" allowfullscreen=\"allowfullscreen\"><\/iframe><\/p>\n<p><iframe title=\"YouTube video player\" src=\"https:\/\/www.youtube.com\/embed\/yyPqIW0IVfk?si=HlHKlE200iMQvroj\" width=\"560\" height=\"315\" frameborder=\"0\" allowfullscreen=\"allowfullscreen\"><\/iframe><\/p>\n<p><iframe title=\"YouTube video player\" src=\"https:\/\/www.youtube.com\/embed\/vvnlcG7lEws?si=YQbIOkP6bVokVLfj\" width=\"560\" height=\"315\" frameborder=\"0\" allowfullscreen=\"allowfullscreen\"><\/iframe><\/p>\n<p>&nbsp;<\/p>\n<h3>Recemos juntos el Santo Rosario en lat\u00edn con el\u00a0<a href=\"https:\/\/www.youtube.com\/@ProyectoDominusTecum\" target=\"_blank\" rel=\"noopener\">\u00a0Proyecto Dominus Tecum<\/a><\/h3>\n<p>&nbsp;<\/p>\n<h3>Hoy contemplamos los\u00a0<a href=\"https:\/\/www.youtube.com\/watch?v=Tt9n3BZbfag&amp;t=26s\" target=\"_blank\" rel=\"noopener\">Misterios Gloriosos.<\/a><\/h3>\n<p>&nbsp;<\/p>\n<p><iframe title=\"YouTube video player\" src=\"https:\/\/www.youtube.com\/embed\/Tt9n3BZbfag?si=7-jfQNKBXfNCcItF\" width=\"560\" height=\"315\" frameborder=\"0\" allowfullscreen=\"allowfullscreen\" data-mce-fragment=\"1\"><\/iframe><\/p>\n<p>&nbsp;<\/p>\n<h4>Ver tambi\u00e9n:\u00a0\u00a0<a href=\"https:\/\/liturgiadelashoras.github.io\/sync\/2026\/abr\/29\/\" target=\"_blank\" rel=\"noopener\">Liturgia de Las Horas para hoy Mi\u00e9rcoles de la IV Semana de Pascua<\/a><\/h4>\n<p>&nbsp;<\/p>\n<h4>Ver tambi\u00e9n:\u00a0<a href=\"https:\/\/ij-alliance.com\/informatevelatam\/santa-misa-y-liturgia-de-la-palabra-del-martes-de-la-iv-semana-de-pascua-28042026\/\" target=\"_blank\" rel=\"noopener\">Santa Misa y Liturgia de La Palabra del Martes de la IV Semana de Pascua 28042026<\/a><\/h4>\n<p>&nbsp;<\/p>\n<h4>Les obsequiamos un especial de Pascua de Resurrecci\u00f3n:\u00a0<a href=\"https:\/\/ij-alliance.com\/informatevelatam\/el-santo-rosario-un-camino-sencillo-para-encontrarse-con-dios\/\" target=\"_blank\" rel=\"noopener\">El Santo Rosario: un camino sencillo para encontrarse con Dios<\/a>, incluye el\u00a0<a href=\"https:\/\/drive.google.com\/file\/d\/1N-aO1kZuz4C1Uyl-4X_u7-VRaBdLHdIY\/view\" target=\"_blank\" rel=\"noopener\">Santo Rosario en lat\u00edn y espa\u00f1ol \u2013 Theios Parrhes\u00eda<\/a>\u00a0para ver y descargar.<\/h4>\n","protected":false},"excerpt":{"rendered":"<p>Imagen: Santa Catalina de Siena. Theios Parrhes\u00eda. &nbsp; &nbsp; Santa Misa presidida por el\u00a0\u00a0Presb\u00edtero Jos\u00e9 Arturo L\u00f3pez Cornejo,\u00a0desde el Templo de San Juan Bautista del pueblo de Acatl\u00e1n, estado de Guerrero, M\u00e9xico. &nbsp; &nbsp; Santa Misa presidida por el\u00a0\u00a0Presb\u00edtero Mart\u00edn \u00c1valos Maga\u00f1a,\u00a0desde la parroquia Madre de El Salvador, ciudad de Santa Ana, El Salvador. &nbsp; [&hellip;]<\/p>\n","protected":false},"author":2,"featured_media":5298,"comment_status":"open","ping_status":"open","sticky":false,"template":"","format":"standard","meta":{"site-sidebar-layout":"default","site-content-layout":"","ast-site-content-layout":"default","site-content-style":"default","site-sidebar-style":"default","ast-global-header-display":"","ast-banner-title-visibility":"","ast-main-header-display":"","ast-hfb-above-header-display":"","ast-hfb-below-header-display":"","ast-hfb-mobile-header-display":"","site-post-title":"","ast-breadcrumbs-content":"","ast-featured-img":"","footer-sml-layout":"","ast-disable-related-posts":"","theme-transparent-header-meta":"default","adv-header-id-meta":"","stick-header-meta":"","header-above-stick-meta":"","header-main-stick-meta":"","header-below-stick-meta":"","astra-migrate-meta-layouts":"set","ast-page-background-enabled":"default","ast-page-background-meta":{"desktop":{"background-color":"","background-image":"","background-repeat":"repeat","background-position":"center center","background-size":"auto","background-attachment":"scroll","background-type":"","background-media":"","overlay-type":"","overlay-color":"","overlay-opacity":"","overlay-gradient":""},"tablet":{"background-color":"","background-image":"","background-repeat":"repeat","background-position":"center center","background-size":"auto","background-attachment":"scroll","background-type":"","background-media":"","overlay-type":"","overlay-color":"","overlay-opacity":"","overlay-gradient":""},"mobile":{"background-color":"","background-image":"","background-repeat":"repeat","background-position":"center center","background-size":"auto","background-attachment":"scroll","background-type":"","background-media":"","overlay-type":"","overlay-color":"","overlay-opacity":"","overlay-gradient":""}},"ast-content-background-meta":{"desktop":{"background-color":"var(--ast-global-color-5)","background-image":"","background-repeat":"repeat","background-position":"center center","background-size":"auto","background-attachment":"scroll","background-type":"","background-media":"","overlay-type":"","overlay-color":"","overlay-opacity":"","overlay-gradient":""},"tablet":{"background-color":"var(--ast-global-color-5)","background-image":"","background-repeat":"repeat","background-position":"center center","background-size":"auto","background-attachment":"scroll","background-type":"","background-media":"","overlay-type":"","overlay-color":"","overlay-opacity":"","overlay-gradient":""},"mobile":{"background-color":"var(--ast-global-color-5)","background-image":"","background-repeat":"repeat","background-position":"center center","background-size":"auto","background-attachment":"scroll","background-type":"","background-media":"","overlay-type":"","overlay-color":"","overlay-opacity":"","overlay-gradient":""}},"footnotes":""},"categories":[550,12,1235,2],"tags":[143,1266,795,1275,225,1215,808,732,893,417,63,543,542,415,33,1265,674,806,1214,733,1268,1085,32,100,657,224,132,416,1168,1248,1274,68,34,839,70,923],"class_list":["post-5296","post","type-post","status-publish","format-standard","has-post-thumbnail","hentry","category-100-catolicos","category-misa-diaria","category-pascua-de-resurreccion-2026","category-religioso","tag-arquidiocesis-de-guayaquil","tag-arquidiocesis-de-medellin","tag-arquidiocesis-de-portoviejo","tag-arzobispado-de-santiago-de-chile","tag-dei-verbum","tag-diocesis-de-orihuela-alicante","tag-diocesis-de-santa-ana","tag-espiritualidad-catolica","tag-espiritualidad-catolica-ose","tag-franciscanos-de-maria","tag-iglesia-catolica","tag-iglesia-catolica-de-ecuador","tag-iglesia-catolica-de-el-salvador","tag-iglesia-catolica-de-espana","tag-liturgia-de-la-palabra","tag-liturgia-de-las-horas","tag-magnificat-tv","tag-misterios-gloriosos","tag-monsenor-jose-ignacio-munilla","tag-orden-san-elias-ose","tag-padre-deimer-manuel-benitez-teran","tag-padre-javier-carralon","tag-padre-jose-arturo-lopez-cornejo","tag-padre-jose-de-jesus-aguilar-valdes","tag-padre-jose-gabriel-ansaldi","tag-padre-martin-avalos","tag-padre-roberto-rodriguez","tag-padre-santiago-martin","tag-proyecto-dominus-tecum","tag-regina-caeli","tag-santa-catalina-de-siena","tag-santa-misa","tag-santa-misa-y-liturgia-de-la-palabra","tag-santo-rosario-en-latin","tag-seminario-mayor-de-guayaquil","tag-theios-parrhesia"],"_links":{"self":[{"href":"https:\/\/ij-alliance.com\/informatevelatam\/wp-json\/wp\/v2\/posts\/5296","targetHints":{"allow":["GET"]}}],"collection":[{"href":"https:\/\/ij-alliance.com\/informatevelatam\/wp-json\/wp\/v2\/posts"}],"about":[{"href":"https:\/\/ij-alliance.com\/informatevelatam\/wp-json\/wp\/v2\/types\/post"}],"author":[{"embeddable":true,"href":"https:\/\/ij-alliance.com\/informatevelatam\/wp-json\/wp\/v2\/users\/2"}],"replies":[{"embeddable":true,"href":"https:\/\/ij-alliance.com\/informatevelatam\/wp-json\/wp\/v2\/comments?post=5296"}],"version-history":[{"count":4,"href":"https:\/\/ij-alliance.com\/informatevelatam\/wp-json\/wp\/v2\/posts\/5296\/revisions"}],"predecessor-version":[{"id":5302,"href":"https:\/\/ij-alliance.com\/informatevelatam\/wp-json\/wp\/v2\/posts\/5296\/revisions\/5302"}],"wp:featuredmedia":[{"embeddable":true,"href":"https:\/\/ij-alliance.com\/informatevelatam\/wp-json\/wp\/v2\/media\/5298"}],"wp:attachment":[{"href":"https:\/\/ij-alliance.com\/informatevelatam\/wp-json\/wp\/v2\/media?parent=5296"}],"wp:term":[{"taxonomy":"category","embeddable":true,"href":"https:\/\/ij-alliance.com\/informatevelatam\/wp-json\/wp\/v2\/categories?post=5296"},{"taxonomy":"post_tag","embeddable":true,"href":"https:\/\/ij-alliance.com\/informatevelatam\/wp-json\/wp\/v2\/tags?post=5296"}],"curies":[{"name":"wp","href":"https:\/\/api.w.org\/{rel}","templated":true}]}}