{"id":5303,"date":"2026-04-29T12:00:22","date_gmt":"2026-04-29T17:00:22","guid":{"rendered":"https:\/\/ij-alliance.com\/informatevelatam\/?p=5303"},"modified":"2026-04-29T21:00:30","modified_gmt":"2026-04-30T02:00:30","slug":"denuncia-publica-apagones-abusos-e-irregularidades-en-eeasa","status":"publish","type":"post","link":"https:\/\/ij-alliance.com\/informatevelatam\/denuncia-publica-apagones-abusos-e-irregularidades-en-eeasa\/","title":{"rendered":"Denuncia p\u00fablica &#8211; Apagones, abusos e irregularidades en EEASA"},"content":{"rendered":"<p><em><strong>Imagen: logo de EEASA ri\u00e9ndose de los usuarios. Theios Parrhes\u00eda (IA)<\/strong><\/em><\/p>\n<p>&nbsp;<\/p>\n<p><strong>CRISIS SILENCIOSA EN EL SERVICIO EL\u00c9CTRICO: DENUNCIA CIUDADANA POR APAGONES RECURRENTES, FALTA DE TRANSPARENCIA E IRREGULARIDADES EN LA EMPRESA EL\u00c9CTRICA AMBATO (EEASA)<\/strong><\/p>\n<p>&nbsp;<\/p>\n<h4>Por Ivonne Espinosa de Ch\u00f3ez &#8211; Periodista Profesional<\/h4>\n<h4>\u00a0 \u00a0 \u00a0 Directora de Theios Parrhes\u00eda &#8211; filial de IJ Alliance.<\/h4>\n<h4><\/h4>\n<p>&nbsp;<\/p>\n<p>En el caser\u00edo Segovia Alto, parroquia Huambal\u00f3, cant\u00f3n San Pedro de Pelileo, provincia de Tungurahua, los cortes de energ\u00eda el\u00e9ctrica han dejado de ser un evento aislado para convertirse en una constante que afecta semanalmente a decenas de familias. La problem\u00e1tica no solo evidencia fallas t\u00e9cnicas, sino tambi\u00e9n una preocupante falta de transparencia, respuestas evasivas y posibles irregularidades administrativas por parte de la Empresa El\u00e9ctrica Ambato Regional Centro Norte S.A. (EEASA).<\/p>\n<h3><strong>Un problema recurrente sin soluci\u00f3n estructural<\/strong><\/h3>\n<p>&nbsp;<\/p>\n<h4>Ver y escuchar\u00a0<a href=\"https:\/\/drive.google.com\/drive\/folders\/1cRFGWNAPOsa2EQfMJfwQSNHRDZ47Pp-B?usp=sharing\" target=\"_blank\" rel=\"noopener\">Mensajes de audio y whatsapp con la EEASA<\/a><\/h4>\n<p>&nbsp;<\/p>\n<p>Los moradores del sector enfrentan cortes de energ\u00eda de entre cuatro y cinco horas, e incluso m\u00e1s, sin que exista una explicaci\u00f3n clara o soluciones definitivas. Ante cada interrupci\u00f3n, los usuarios recurren a los canales oficiales de la empresa: el n\u00famero convencional 032998600, el 136 \u2014que no funciona durante los apagones por depender de fibra \u00f3ptica\u2014 y el servicio de WhatsApp 0996251845.<\/p>\n<p>Sin embargo, las respuestas recibidas suelen ser repetitivas, gen\u00e9ricas y carentes de sustento t\u00e9cnico. Entre ellas destacan:<\/p>\n<blockquote><p>\u201cEn da\u00f1os t\u00e9cnicos, la Empresa tiene un tiempo de respuesta a las solicitudes por da\u00f1os t\u00e9cnico y de acuerdo a lo indicado, estuvo respondida dentro de tiempo.\u201d<\/p><\/blockquote>\n<blockquote><p>\u201cPor este medio puede notificar los cortes, que de acuerdo a lo indicado a usted anteriormente, ya se gener\u00f3 el reporte para la atenci\u00f3n.\u201d<\/p><\/blockquote>\n<blockquote><p>\u201cSe encuentra reportada la falta de servicio o da\u00f1o en el sector. Por favor, tenga paciencia mientras el personal t\u00e9cnico realiza los trabajos necesarios.\u201d<\/p><\/blockquote>\n<p>Estas respuestas no explican las causas reales ni justifican la recurrencia del problema. En una sola ocasi\u00f3n, tras cinco horas de interrupci\u00f3n, se inform\u00f3 que el corte se deb\u00eda a la ca\u00edda de un \u00e1rbol, lo que pone en evidencia una posible falta de mantenimiento preventivo.<\/p>\n<h3><strong>El traslado de la responsabilidad al usuario<\/strong><\/h3>\n<p>&nbsp;<\/p>\n<p><img fetchpriority=\"high\" decoding=\"async\" class=\"alignnone wp-image-5305\" src=\"https:\/\/ij-alliance.com\/informatevelatam\/wp-content\/uploads\/2026\/04\/funcionarios-EEASA-burlandose-de-usuarios-300x199.png\" alt=\"\" width=\"686\" height=\"455\" srcset=\"https:\/\/ij-alliance.com\/informatevelatam\/wp-content\/uploads\/2026\/04\/funcionarios-EEASA-burlandose-de-usuarios-300x199.png 300w, https:\/\/ij-alliance.com\/informatevelatam\/wp-content\/uploads\/2026\/04\/funcionarios-EEASA-burlandose-de-usuarios-1024x680.png 1024w, https:\/\/ij-alliance.com\/informatevelatam\/wp-content\/uploads\/2026\/04\/funcionarios-EEASA-burlandose-de-usuarios-768x510.png 768w, https:\/\/ij-alliance.com\/informatevelatam\/wp-content\/uploads\/2026\/04\/funcionarios-EEASA-burlandose-de-usuarios-1536x1021.png 1536w, https:\/\/ij-alliance.com\/informatevelatam\/wp-content\/uploads\/2026\/04\/funcionarios-EEASA-burlandose-de-usuarios.png 1538w\" sizes=\"(max-width: 686px) 100vw, 686px\" \/><\/p>\n<p>&nbsp;<\/p>\n<p>Uno de los aspectos m\u00e1s cuestionables es la respuesta institucional que indica:<\/p>\n<blockquote><p>\u201cEn el caso de cortes recurrentes, debe realizar una notificaci\u00f3n dirigida al Ing. V\u00edctor Cholota, Jefe de agencias\u2026\u201d<\/p><\/blockquote>\n<p><img decoding=\"async\" class=\"alignnone wp-image-5306\" src=\"https:\/\/ij-alliance.com\/informatevelatam\/wp-content\/uploads\/2026\/04\/victor-cholota-whatsapp-300x211.png\" alt=\"\" width=\"704\" height=\"495\" srcset=\"https:\/\/ij-alliance.com\/informatevelatam\/wp-content\/uploads\/2026\/04\/victor-cholota-whatsapp-300x211.png 300w, https:\/\/ij-alliance.com\/informatevelatam\/wp-content\/uploads\/2026\/04\/victor-cholota-whatsapp-768x541.png 768w, https:\/\/ij-alliance.com\/informatevelatam\/wp-content\/uploads\/2026\/04\/victor-cholota-whatsapp.png 868w\" sizes=\"(max-width: 704px) 100vw, 704px\" \/><\/p>\n<p>&nbsp;<\/p>\n<p>Esta disposici\u00f3n traslada la carga de gesti\u00f3n al usuario, cuando es la empresa la responsable directa de garantizar la continuidad del servicio. Adem\u00e1s, se exige la presentaci\u00f3n presencial de documentos en oficinas, generando gastos adicionales y p\u00e9rdida de tiempo para ciudadanos ya afectados por la falta de energ\u00eda.<\/p>\n<p>A esto se suma un argumento reiterado por la empresa:<\/p>\n<blockquote><p>\u201cLa energ\u00eda que se factura es la que se consume, entendiendo que en el corte no hay consumo y no paga por el servicio.\u201d<\/p><\/blockquote>\n<p><img decoding=\"async\" class=\"alignnone wp-image-5308\" src=\"https:\/\/ij-alliance.com\/informatevelatam\/wp-content\/uploads\/2026\/04\/FALSA-INFORMACION-EEASA-WHATSAPP-300x214.png\" alt=\"\" width=\"666\" height=\"475\" srcset=\"https:\/\/ij-alliance.com\/informatevelatam\/wp-content\/uploads\/2026\/04\/FALSA-INFORMACION-EEASA-WHATSAPP-300x214.png 300w, https:\/\/ij-alliance.com\/informatevelatam\/wp-content\/uploads\/2026\/04\/FALSA-INFORMACION-EEASA-WHATSAPP-768x548.png 768w, https:\/\/ij-alliance.com\/informatevelatam\/wp-content\/uploads\/2026\/04\/FALSA-INFORMACION-EEASA-WHATSAPP.png 862w\" sizes=\"(max-width: 666px) 100vw, 666px\" \/><\/p>\n<p>&nbsp;<\/p>\n<p>Esta afirmaci\u00f3n ignora completamente las p\u00e9rdidas econ\u00f3micas, laborales y personales que ocasionan los apagones, reduciendo el problema a un simple criterio de facturaci\u00f3n.<\/p>\n<h3><strong>Cobros contradictorios y falta de transparencia<\/strong><\/h3>\n<p>&nbsp;<\/p>\n<p>En el tr\u00e1mite de cambio de titularidad del servicio el\u00e9ctrico, el asesor <strong>Diego Vinicio Morales Pozo<\/strong> indic\u00f3 que dicho proceso no tiene costo. Sin embargo, en la agencia de Pelileo se inform\u00f3 al usuario que deb\u00eda pagar entre USD 27 y USD 30 por una supuesta \u201cgarant\u00eda\u201d, sin explicaci\u00f3n t\u00e9cnica ni base legal clara.<\/p>\n<p>Las versiones contradictorias \u2014USD 20, USD 25 o sin costo\u2014 reflejan una preocupante falta de uniformidad en la informaci\u00f3n, lo que podr\u00eda constituir una vulneraci\u00f3n a los derechos del consumidor.<\/p>\n<h3><strong>Antecedentes que agravan la situaci\u00f3n<\/strong><\/h3>\n<p>&nbsp;<\/p>\n<p><img loading=\"lazy\" decoding=\"async\" class=\"alignnone wp-image-5307\" src=\"https:\/\/ij-alliance.com\/informatevelatam\/wp-content\/uploads\/2026\/04\/CORTES-RECURRENTES-WHATSAPP-300x212.png\" alt=\"\" width=\"621\" height=\"439\" srcset=\"https:\/\/ij-alliance.com\/informatevelatam\/wp-content\/uploads\/2026\/04\/CORTES-RECURRENTES-WHATSAPP-300x212.png 300w, https:\/\/ij-alliance.com\/informatevelatam\/wp-content\/uploads\/2026\/04\/CORTES-RECURRENTES-WHATSAPP-768x542.png 768w, https:\/\/ij-alliance.com\/informatevelatam\/wp-content\/uploads\/2026\/04\/CORTES-RECURRENTES-WHATSAPP.png 862w\" sizes=\"(max-width: 621px) 100vw, 621px\" \/><\/p>\n<p>&nbsp;<\/p>\n<p>El problema no es nuevo. En el a\u00f1o 2022, en el cant\u00f3n P\u00edllaro, se reportaron situaciones similares, incluyendo denuncias por conexiones clandestinas y posibles actos de corrupci\u00f3n. En ese entonces, el funcionario <strong>Christian Erazo<\/strong> gestion\u00f3 el cambio de titularidad sin costo alguno, evidenciando inconsistencias dentro de la misma empresa.<\/p>\n<p>&nbsp;<\/p>\n<p><img loading=\"lazy\" decoding=\"async\" class=\"alignnone wp-image-5310\" src=\"https:\/\/ij-alliance.com\/informatevelatam\/wp-content\/uploads\/2026\/04\/EEASA-PILLARO-DENUNCIA1-2024-134x300.jpeg\" alt=\"\" width=\"358\" height=\"801\" srcset=\"https:\/\/ij-alliance.com\/informatevelatam\/wp-content\/uploads\/2026\/04\/EEASA-PILLARO-DENUNCIA1-2024-134x300.jpeg 134w, https:\/\/ij-alliance.com\/informatevelatam\/wp-content\/uploads\/2026\/04\/EEASA-PILLARO-DENUNCIA1-2024-457x1024.jpeg 457w\" sizes=\"(max-width: 358px) 100vw, 358px\" \/> <img loading=\"lazy\" decoding=\"async\" class=\"alignnone wp-image-5311\" src=\"https:\/\/ij-alliance.com\/informatevelatam\/wp-content\/uploads\/2026\/04\/EEASA-PILLARO-DENUNCIA2-2024-134x300.jpeg\" alt=\"\" width=\"358\" height=\"802\" srcset=\"https:\/\/ij-alliance.com\/informatevelatam\/wp-content\/uploads\/2026\/04\/EEASA-PILLARO-DENUNCIA2-2024-134x300.jpeg 134w, https:\/\/ij-alliance.com\/informatevelatam\/wp-content\/uploads\/2026\/04\/EEASA-PILLARO-DENUNCIA2-2024-457x1024.jpeg 457w, https:\/\/ij-alliance.com\/informatevelatam\/wp-content\/uploads\/2026\/04\/EEASA-PILLARO-DENUNCIA2-2024.jpeg 571w\" sizes=\"(max-width: 358px) 100vw, 358px\" \/><\/p>\n<h3><strong>Derechos vulnerados y marco legal<\/strong><\/h3>\n<p>&nbsp;<\/p>\n<p>Los hechos descritos podr\u00edan constituir vulneraciones a:<\/p>\n<ul>\n<li>La Constituci\u00f3n de la Rep\u00fablica del Ecuador, que en su art\u00edculo 52 garantiza servicios p\u00fablicos de calidad, y en el art\u00edculo 314 establece la obligaci\u00f3n del Estado de proveer servicios eficientes y continuos.<\/li>\n<li>La Ley Org\u00e1nica de Defensa del Consumidor, que protege a los usuarios frente a servicios deficientes, falta de informaci\u00f3n y pr\u00e1cticas abusivas.<\/li>\n<\/ul>\n<p>Adem\u00e1s, la falta de respuestas claras y la posible existencia de cobros sin justificaci\u00f3n podr\u00edan derivar en responsabilidades administrativas e incluso legales.<\/p>\n<h3><strong>Una mirada desde la \u00e9tica cristiana<\/strong><\/h3>\n<p>&nbsp;<\/p>\n<p><img loading=\"lazy\" decoding=\"async\" class=\"alignnone wp-image-5309\" src=\"https:\/\/ij-alliance.com\/informatevelatam\/wp-content\/uploads\/2026\/04\/CAMBIO-DE-TITULAR-NO-TIENE-COSTO-300x215.png\" alt=\"\" width=\"638\" height=\"457\" srcset=\"https:\/\/ij-alliance.com\/informatevelatam\/wp-content\/uploads\/2026\/04\/CAMBIO-DE-TITULAR-NO-TIENE-COSTO-300x215.png 300w, https:\/\/ij-alliance.com\/informatevelatam\/wp-content\/uploads\/2026\/04\/CAMBIO-DE-TITULAR-NO-TIENE-COSTO-768x549.png 768w, https:\/\/ij-alliance.com\/informatevelatam\/wp-content\/uploads\/2026\/04\/CAMBIO-DE-TITULAR-NO-TIENE-COSTO.png 861w\" sizes=\"(max-width: 638px) 100vw, 638px\" \/><\/p>\n<p>&nbsp;<\/p>\n<p>Desde la doctrina social de la Iglesia, el acceso a servicios b\u00e1sicos como la energ\u00eda el\u00e9ctrica forma parte de las condiciones necesarias para una vida digna. La gesti\u00f3n de estos servicios debe regirse por principios de justicia, verdad y responsabilidad social.<\/p>\n<p>El actuar institucional que evade responsabilidades, minimiza el impacto en los ciudadanos o genera confusi\u00f3n en los cobros, se aleja de valores fundamentales como la honestidad y el bien com\u00fan. El servicio p\u00fablico no puede convertirse en una carga adicional para el ciudadano, sino en un instrumento de desarrollo y dignidad.<\/p>\n<h3><strong>Conclusi\u00f3n: una problem\u00e1tica que exige intervenci\u00f3n<\/strong><\/h3>\n<p>&nbsp;<\/p>\n<p>Lo que ocurre en Segovia Alto no es un hecho aislado, sino el reflejo de una problem\u00e1tica m\u00e1s amplia en la gesti\u00f3n del servicio el\u00e9ctrico. La recurrencia de los apagones, la falta de informaci\u00f3n t\u00e9cnica, la transferencia de responsabilidades al usuario y las inconsistencias en cobros configuran un escenario que amerita investigaci\u00f3n urgente.<\/p>\n<p>Los ciudadanos no solo demandan energ\u00eda el\u00e9ctrica, sino respeto a sus derechos, transparencia en la gesti\u00f3n p\u00fablica y soluciones reales a problemas que afectan su vida diaria.<\/p>\n<p>El silencio institucional o las respuestas autom\u00e1ticas no pueden seguir siendo la norma frente a una realidad que exige acci\u00f3n inmediata.<\/p>\n<p>&nbsp;<\/p>\n<h3>EMPRESA EL\u00c9CTRICA DE AMBATO VIOLA LA LIBERTAD DE EXPRESI\u00d3N Y DE RECLAMO DE LOS USUARIOS<\/h3>\n<p>&nbsp;<\/p>\n<p>Adicionalmente, se denuncia que la Empresa El\u00e9ctrica Ambato Regional Centro Norte S.A. (EEASA) estar\u00eda incurriendo en pr\u00e1cticas restrictivas contra usuarios que ejercen su derecho leg\u00edtimo a reclamar p\u00fablicamente, bloqueando o limitando la interacci\u00f3n en sus canales digitales cuando se exponen inconformidades. Este tipo de acciones constituye una grave vulneraci\u00f3n a derechos fundamentales reconocidos en la Constituci\u00f3n de la Rep\u00fablica del Ecuador, tales como el derecho a la libertad de expresi\u00f3n (Art. 66 numeral 6), el derecho a presentar quejas y peticiones ante autoridades (Art. 66 numeral 23), as\u00ed como el derecho a recibir servicios p\u00fablicos de calidad (Art. 52). De igual forma, contraviene lo establecido en la Ley Org\u00e1nica de Defensa del Consumidor, que garantiza a los usuarios el acceso a informaci\u00f3n veraz, mecanismos efectivos de reclamo y protecci\u00f3n contra pr\u00e1cticas abusivas. Limitar o silenciar la voz de los ciudadanos no solo agrava la falta de atenci\u00f3n, sino que evidencia una preocupante falta de transparencia y respeto hacia los derechos del consumidor y la participaci\u00f3n ciudadana.<\/p>\n<p>Los afectados han enviado denuncia a la Presidencia de la Rep\u00fablica, Empresa El\u00e9ctrica de Ambato EEASA, <b>Agencia de Regulaci\u00f3n y Control de Electricidad ARCONEL y Ministerio de Ambiente y Energ\u00eda esperando recibir justicia.<\/b><\/p>\n<p>&nbsp;<\/p>\n<h3>Lo que nos han indicado los moradores afectados:<\/h3>\n<p>&nbsp;<\/p>\n<p><strong>CORTES DE ENERG\u00cdA TODAS LAS SEMANAS<\/strong><\/p>\n<p>Cada semana sufrimos apagones de 4, 5 horas o m\u00e1s. No hay explicaciones claras, no hay soluciones definitivas, y la empresa solo responde con mensajes repetitivos como:<\/p>\n<p>\u201cEl da\u00f1o fue atendido dentro del tiempo establecido\u201d<br \/>\n\u201cEl incidente ya est\u00e1 reportado\u201d<br \/>\n\u201cTenga paciencia mientras se restablece el servicio\u201d<\/p>\n<p>Pero nunca dicen qu\u00e9 pasa realmente ni por qu\u00e9 los cortes siguen ocurriendo.<\/p>\n<p><strong>CANALES DE ATENCI\u00d3N IN\u00daTILES<\/strong><br \/>\nCuando no hay luz:<\/p>\n<ul>\n<li>No funciona el tel\u00e9fono convencional (porque depende de fibra \u00f3ptica)<\/li>\n<li>El 136 no sirve<\/li>\n<li>WhatsApp solo responde con mensajes autom\u00e1ticos y luego:<br \/>\n\u201cLa sesi\u00f3n de chat se cerrar\u00e1 por inactividad\u201d<\/li>\n<\/ul>\n<p>\u00bfAs\u00ed se atiende a los usuarios?<\/p>\n<p><strong>TRASLADAN EL PROBLEMA AL CIUDADANO<\/strong><br \/>\nEEASA indica que debemos hacer oficios dirigidos al Ing. V\u00edctor Cholota y llevarlos f\u00edsicamente a agencias.<\/p>\n<p>Es decir:<br \/>\nEl problema es de la empresa\u2026 pero la soluci\u00f3n la tiene que gestionar el usuario.<\/p>\n<p><strong>POSIBLE COBRO INDEBIDO<\/strong><\/p>\n<p>El asesor de EEASA v\u00eda whatsapp, <strong>Diego Vinicio Morales Pozo<\/strong> inform\u00f3 claramente:<br \/>\n\u201cEl cambio de titular NO tiene costo\u201d<\/p>\n<p>Pero funcionario de atenci\u00f3n al cliente de la agencia Pelileo dicen otra cosa:<br \/>\nCobros de $27 a $30 por una supuesta \u201cgarant\u00eda\u201d sin explicaci\u00f3n legal.<\/p>\n<p>Funcionarios v\u00eda telef\u00f3nica dicen $20, $25\u2026 o que no se cobra nada.<\/p>\n<p>\u00bfEn qu\u00e9 quedamos?<br \/>\nEsto NO es transparencia.<\/p>\n<p><strong>DERECHOS VULNERADOS<\/strong><br \/>\nEsto podr\u00eda estar violando la Constituci\u00f3n de la Rep\u00fablica del Ecuador:<\/p>\n<ul>\n<li>Derecho a servicios p\u00fablicos de calidad (Art. 52)<\/li>\n<li>Derecho a una vida digna (Art. 66)<\/li>\n<li>Servicios continuos y eficientes (Art. 314)<\/li>\n<\/ul>\n<p>Y la Ley Org\u00e1nica de Defensa del Consumidor:<br \/>\nDerecho a servicios adecuados, claros y sin abusos.<\/p>\n<p><strong>DESDE UNA VISI\u00d3N \u00c9TICA Y CRISTIANA<\/strong><br \/>\nEl servicio p\u00fablico debe basarse en la verdad, la justicia y el respeto al pr\u00f3jimo.<\/p>\n<p>No es justo que:<\/p>\n<ul>\n<li>Se minimicen los da\u00f1os al usuario<\/li>\n<li>Se ignoren las p\u00e9rdidas econ\u00f3micas<\/li>\n<li>Se den respuestas autom\u00e1ticas sin soluci\u00f3n<\/li>\n<\/ul>\n<p>Esto no es servicio. Esto es indiferencia.<\/p>\n<p><strong>EXIGIMOS<\/strong><br \/>\n\u2714 Explicaciones claras y t\u00e9cnicas<br \/>\n\u2714 Soluci\u00f3n definitiva a los apagones<br \/>\n\u2714 Transparencia en los cobros<br \/>\n\u2714 Respeto a los usuarios<br \/>\n\u2714 Sanciones si existen irregularidades<\/p>\n<p><strong>NO ES SOLO ENERG\u00cdA\u2026 ES DIGNIDAD<\/strong><\/p>\n<p>Los ciudadanos no pedimos favores.<br \/>\nExigimos derechos.<\/p>\n<p>#DenunciaCiudadana #EEASA #Apagones #Ecuador #DerechosDelConsumidor #Tungurahua<\/p>\n<p>&nbsp;<\/p>\n<h4>Enlace externo:\u00a0<a href=\"https:\/\/www.eluniverso.com\/noticias\/politica\/daniel-noboa-alerta-incursion-de-guerrilla-colombiana-impulsada-por-gustavo-petro-nota\/\" target=\"_blank\" rel=\"noopener\">As\u00ed funcionaba el mecanismo de corrupci\u00f3n denunciado en CNEL con la supuesta complicidad de la Arconel &#8211; El Universo<\/a><\/h4>\n<p>&nbsp;<\/p>\n<h4>Enlace externo:\u00a0<a href=\"https:\/\/www.eluniverso.com\/guayaquil\/comunidad\/usuarios-de-cnel-en-guayaquil-acuden-a-oficinas-para-aclarar-consumos-tras-allanamientos-nota\/\" target=\"_blank\" rel=\"noopener\">Usuarios de CNEL en Guayaquil acuden a oficinas para aclarar consumos tras allanamientos &#8211; El Universo<\/a><\/h4>\n","protected":false},"excerpt":{"rendered":"<p>Imagen: logo de EEASA ri\u00e9ndose de los usuarios. Theios Parrhes\u00eda (IA) &nbsp; CRISIS SILENCIOSA EN EL SERVICIO EL\u00c9CTRICO: DENUNCIA CIUDADANA POR APAGONES RECURRENTES, FALTA DE TRANSPARENCIA E IRREGULARIDADES EN LA EMPRESA EL\u00c9CTRICA AMBATO (EEASA) &nbsp; Por Ivonne Espinosa de Ch\u00f3ez &#8211; Periodista Profesional \u00a0 \u00a0 \u00a0 Directora de Theios Parrhes\u00eda &#8211; filial de IJ Alliance. [&hellip;]<\/p>\n","protected":false},"author":2,"featured_media":5304,"comment_status":"open","ping_status":"open","sticky":false,"template":"","format":"standard","meta":{"site-sidebar-layout":"default","site-content-layout":"","ast-site-content-layout":"default","site-content-style":"default","site-sidebar-style":"default","ast-global-header-display":"","ast-banner-title-visibility":"","ast-main-header-display":"","ast-hfb-above-header-display":"","ast-hfb-below-header-display":"","ast-hfb-mobile-header-display":"","site-post-title":"","ast-breadcrumbs-content":"","ast-featured-img":"","footer-sml-layout":"","ast-disable-related-posts":"","theme-transparent-header-meta":"default","adv-header-id-meta":"","stick-header-meta":"","header-above-stick-meta":"","header-main-stick-meta":"","header-below-stick-meta":"","astra-migrate-meta-layouts":"set","ast-page-background-enabled":"default","ast-page-background-meta":{"desktop":{"background-color":"","background-image":"","background-repeat":"repeat","background-position":"center center","background-size":"auto","background-attachment":"scroll","background-type":"","background-media":"","overlay-type":"","overlay-color":"","overlay-opacity":"","overlay-gradient":""},"tablet":{"background-color":"","background-image":"","background-repeat":"repeat","background-position":"center center","background-size":"auto","background-attachment":"scroll","background-type":"","background-media":"","overlay-type":"","overlay-color":"","overlay-opacity":"","overlay-gradient":""},"mobile":{"background-color":"","background-image":"","background-repeat":"repeat","background-position":"center center","background-size":"auto","background-attachment":"scroll","background-type":"","background-media":"","overlay-type":"","overlay-color":"","overlay-opacity":"","overlay-gradient":""}},"ast-content-background-meta":{"desktop":{"background-color":"var(--ast-global-color-5)","background-image":"","background-repeat":"repeat","background-position":"center center","background-size":"auto","background-attachment":"scroll","background-type":"","background-media":"","overlay-type":"","overlay-color":"","overlay-opacity":"","overlay-gradient":""},"tablet":{"background-color":"var(--ast-global-color-5)","background-image":"","background-repeat":"repeat","background-position":"center center","background-size":"auto","background-attachment":"scroll","background-type":"","background-media":"","overlay-type":"","overlay-color":"","overlay-opacity":"","overlay-gradient":""},"mobile":{"background-color":"var(--ast-global-color-5)","background-image":"","background-repeat":"repeat","background-position":"center center","background-size":"auto","background-attachment":"scroll","background-type":"","background-media":"","overlay-type":"","overlay-color":"","overlay-opacity":"","overlay-gradient":""}},"footnotes":""},"categories":[1076,5,853,506,1029,393],"tags":[1280,1279,1283,1277,1282,1276,1281,1278,47],"class_list":["post-5303","post","type-post","status-publish","format-standard","has-post-thumbnail","hentry","category-destapando-ollas-de-grillos","category-informate","category-poniendo-el-dedo-en-la-llaga","category-reportajes-de-informa-te-ve-latam","category-sal-y-fuego-la-verdad-duele-arde-y-quema-pero-sana","category-tus-derechos","tag-agencia-de-regulacion-y-control-de-electricidad","tag-arconel","tag-corrupcion-en-electricas","tag-eeasa","tag-electricidad","tag-empresa-electrica-de-ambato","tag-mae","tag-ministerio-de-ambiente-y-energia","tag-presidencia-de-ecuador"],"_links":{"self":[{"href":"https:\/\/ij-alliance.com\/informatevelatam\/wp-json\/wp\/v2\/posts\/5303","targetHints":{"allow":["GET"]}}],"collection":[{"href":"https:\/\/ij-alliance.com\/informatevelatam\/wp-json\/wp\/v2\/posts"}],"about":[{"href":"https:\/\/ij-alliance.com\/informatevelatam\/wp-json\/wp\/v2\/types\/post"}],"author":[{"embeddable":true,"href":"https:\/\/ij-alliance.com\/informatevelatam\/wp-json\/wp\/v2\/users\/2"}],"replies":[{"embeddable":true,"href":"https:\/\/ij-alliance.com\/informatevelatam\/wp-json\/wp\/v2\/comments?post=5303"}],"version-history":[{"count":9,"href":"https:\/\/ij-alliance.com\/informatevelatam\/wp-json\/wp\/v2\/posts\/5303\/revisions"}],"predecessor-version":[{"id":5320,"href":"https:\/\/ij-alliance.com\/informatevelatam\/wp-json\/wp\/v2\/posts\/5303\/revisions\/5320"}],"wp:featuredmedia":[{"embeddable":true,"href":"https:\/\/ij-alliance.com\/informatevelatam\/wp-json\/wp\/v2\/media\/5304"}],"wp:attachment":[{"href":"https:\/\/ij-alliance.com\/informatevelatam\/wp-json\/wp\/v2\/media?parent=5303"}],"wp:term":[{"taxonomy":"category","embeddable":true,"href":"https:\/\/ij-alliance.com\/informatevelatam\/wp-json\/wp\/v2\/categories?post=5303"},{"taxonomy":"post_tag","embeddable":true,"href":"https:\/\/ij-alliance.com\/informatevelatam\/wp-json\/wp\/v2\/tags?post=5303"}],"curies":[{"name":"wp","href":"https:\/\/api.w.org\/{rel}","templated":true}]}}