{"id":5321,"date":"2026-04-29T21:55:42","date_gmt":"2026-04-30T02:55:42","guid":{"rendered":"https:\/\/ij-alliance.com\/informatevelatam\/?p=5321"},"modified":"2026-04-29T21:56:06","modified_gmt":"2026-04-30T02:56:06","slug":"pelileo-denuncia-por-menor-en-riesgo-y-violencia-genera-cuestionamientos-a-la-actuacion-de-fiscalia","status":"publish","type":"post","link":"https:\/\/ij-alliance.com\/informatevelatam\/pelileo-denuncia-por-menor-en-riesgo-y-violencia-genera-cuestionamientos-a-la-actuacion-de-fiscalia\/","title":{"rendered":"Pelileo: denuncia por menor en riesgo y violencia genera cuestionamientos a la actuaci\u00f3n de Fiscal\u00eda"},"content":{"rendered":"<h2><\/h2>\n<p>&nbsp;<\/p>\n<h4>Por Ivonne Espinosa de Ch\u00f3ez &#8211; Periodista Profesional.<\/h4>\n<h4>\u00a0 \u00a0 \u00a0 \u00a0Directora de Theios Parrhes\u00eda &#8211; filial de IJ Alliance.<\/h4>\n<p>&nbsp;<\/p>\n<h3><strong>Un ni\u00f1o en una moto, una familia bajo amenaza y una investigaci\u00f3n que genera m\u00e1s dudas que certezas<\/strong><\/h3>\n<p>&nbsp;<\/p>\n<p>En Pelileo, un caso que deber\u00eda encender todas las alarmas sobre protecci\u00f3n infantil y seguridad ciudadana est\u00e1 generando una inquietante pregunta:<\/p>\n<p>\u00bfSe est\u00e1 investigando a los responsables o se est\u00e1 desviando la atenci\u00f3n del problema?<\/p>\n<p>Una denuncia penal urgente, actualmente en conocimiento de la Fiscal\u00eda General del Estado, expone hechos graves que incluyen violencia, intimidaci\u00f3n, posibles actos de odio y, especialmente, la exposici\u00f3n de un ni\u00f1o de aproximadamente seis a\u00f1os a una situaci\u00f3n de alto riesgo: la conducci\u00f3n de una motocicleta tipo motocross en v\u00eda p\u00fablica.<\/p>\n<p>&nbsp;<\/p>\n<p><iframe title=\"YouTube video player\" src=\"https:\/\/www.youtube.com\/embed\/6Ok2QOouJ9k?si=i1fD5wBXFhMgyQqA\" width=\"560\" height=\"315\" frameborder=\"0\" allowfullscreen=\"allowfullscreen\"><\/iframe><\/p>\n<h3><strong>Menor en peligro: un hecho que no debe normalizarse<\/strong><\/h3>\n<p>&nbsp;<\/p>\n<p>Seg\u00fan la denuncia, el ciudadano <strong>Henry David Cevallos Freire<\/strong> habr\u00eda permitido que su hijo menor manipule un veh\u00edculo motorizado en un camino p\u00fablico del sector Segovia Alto, parroquia Huambal\u00f3.<\/p>\n<p>Este hecho no solo representa un riesgo evidente para la vida del menor, sino tambi\u00e9n para terceros que circulan por la zona.<\/p>\n<p>El <strong>C\u00f3digo Org\u00e1nico Integral Penal (COIP)<\/strong> es claro: exponer a un menor a situaciones de peligro o incumplir los deberes de cuidado puede derivar en responsabilidades legales, incluyendo sanciones penales, dependiendo de la gravedad del caso.<\/p>\n<p>A esto se suma el mandato constitucional del art\u00edculo 44, que establece que el <strong>inter\u00e9s superior del ni\u00f1o debe prevalecer sobre cualquier otra consideraci\u00f3n<\/strong>.<\/p>\n<p>Entonces la pregunta es inevitable:<br \/>\n\u00bfpor qu\u00e9 un hecho de este tipo no genera una reacci\u00f3n inmediata y contundente?<\/p>\n<h3><\/h3>\n<h3><strong>Violencia y amenazas: el conflicto a escala<\/strong><\/h3>\n<p>&nbsp;<\/p>\n<p>La denuncia tambi\u00e9n describe un entorno de creciente hostilidad:<\/p>\n<ul>\n<li>Presuntas agresiones f\u00edsicas y verbales<\/li>\n<li>Expresiones discriminatorias<\/li>\n<li>Grabaciones no autorizadas del entorno familiar<\/li>\n<li>Amenazas e intentos de control sobre una v\u00eda p\u00fablica<\/li>\n<\/ul>\n<p>Estos hechos, de ser comprobados, podr\u00edan encajar en varias figuras del COIP como intimidaci\u00f3n, coacci\u00f3n, actos de odio y violaci\u00f3n a la intimidad.<\/p>\n<p>Pero m\u00e1s all\u00e1 de la tipificaci\u00f3n penal, el impacto es claro: una familia viviendo bajo temor constante.<\/p>\n<p>&nbsp;<\/p>\n<p><iframe title=\"YouTube video player\" src=\"https:\/\/www.youtube.com\/embed\/OZAXswi280Q?si=1-gaAwV0CQFsJdHx\" width=\"560\" height=\"315\" frameborder=\"0\" allowfullscreen=\"allowfullscreen\"><\/iframe><\/p>\n<h3><\/h3>\n<h3><strong>Silencio, demora y respuestas que generan dudas<\/strong><\/h3>\n<p>&nbsp;<\/p>\n<p>Uno de los puntos m\u00e1s cr\u00edticos del caso es la actuaci\u00f3n institucional.<\/p>\n<p>De acuerdo con la denuncia:<\/p>\n<ul>\n<li>No hubo respuesta oportuna del ECU 911<\/li>\n<li>Un servidor policial habr\u00eda reaccionado de forma intimidatoria<\/li>\n<li>Se habr\u00edan minimizado los hechos como \u201ccostumbres rurales\u201d<\/li>\n<\/ul>\n<p>Si estos elementos se verifican, podr\u00edan constituir incumplimiento de deberes por parte de funcionarios p\u00fablicos.<\/p>\n<p>Pero el problema no termina ah\u00ed.<\/p>\n<h2><\/h2>\n<h3><strong>La decisi\u00f3n de fiscal\u00eda que genera controversia<\/strong><\/h3>\n<p>&nbsp;<\/p>\n<p>Dentro del expediente fiscal No. 180701826040031, la Fiscal\u00eda General del Estado dispuso varias diligencias, entre ellas:<\/p>\n<ul>\n<li>La <strong>valoraci\u00f3n m\u00e9dica y psicol\u00f3gica de la persona denunciante<\/strong><\/li>\n<\/ul>\n<p>Esta decisi\u00f3n ha generado preocupaci\u00f3n desde distintos sectores, ya que podr\u00eda interpretarse como un <strong>desplazamiento del enfoque investigativo<\/strong>.<\/p>\n<p>En lugar de centrarse prioritariamente en la conducta denunciada, se pretende evaluar a quien denuncia.<\/p>\n<p>Si bien estas diligencias pueden formar parte de ciertos protocolos, su aplicaci\u00f3n sin una motivaci\u00f3n clara y espec\u00edfica en el caso concreto abre un debate serio:<\/p>\n<ul>\n<li>\u00bfEs una medida t\u00e9cnica necesaria?<\/li>\n<li>\u00bfO una pr\u00e1ctica que podr\u00eda afectar la credibilidad de la denuncia?<\/li>\n<\/ul>\n<p>Adem\u00e1s, no se evidencian en esta etapa medidas urgentes frente al riesgo del menor, lo que refuerza la percepci\u00f3n de una respuesta <strong>formal, pero insuficiente<\/strong>.<\/p>\n<hr \/>\n<h3><strong>\u00bfSe est\u00e1 deslegitimando la denuncia?<\/strong><\/h3>\n<p>&nbsp;<\/p>\n<p>Desde una mirada cr\u00edtica, este tipo de actuaciones puede generar una percepci\u00f3n preocupante en la ciudadan\u00eda:<\/p>\n<p>que se intenta debilitar la denuncia en lugar de fortalecer la investigaci\u00f3n.<\/p>\n<p>Cuando esto ocurre, las consecuencias son graves:<\/p>\n<ul>\n<li>Se desalienta la denuncia<\/li>\n<li>Se genera desconfianza institucional<\/li>\n<li>Se expone a las v\u00edctimas a procesos revictimizantes<\/li>\n<\/ul>\n<p>Todo lo cual contradice los principios de protecci\u00f3n establecidos en la Constituci\u00f3n ecuatoriana.<\/p>\n<hr \/>\n<h2><strong>Responsabilidad parental: Un l\u00edmite claro<\/strong><\/h2>\n<p>&nbsp;<\/p>\n<p>Permitir que un ni\u00f1o de seis a\u00f1os conduzca una motocicleta no es una \u201ccostumbre\u201d ni una actividad recreativa inocente.<\/p>\n<p>Es, potencialmente, una conducta negligente.<\/p>\n<p>El deber de cuidado no es opcional. Es legal, constitucional y moral.<\/p>\n<hr \/>\n<h3><strong>Una reflexi\u00f3n \u00e9tica: Cuando falla el deber de proteger<\/strong><\/h3>\n<p>&nbsp;<\/p>\n<p>Desde la perspectiva de la doctrina social de la Iglesia, la protecci\u00f3n de la vida y la integridad del ni\u00f1o es un deber sagrado.<\/p>\n<p>Exponerlo al peligro no solo vulnera la ley, sino tambi\u00e9n principios fundamentales de responsabilidad y conciencia.<\/p>\n<hr \/>\n<h3><strong>Conclusi\u00f3n: cuando el foco se desv\u00eda, la justicia tambi\u00e9n<\/strong><\/h3>\n<p>&nbsp;<\/p>\n<p>Este caso no solo trata sobre un hecho puntual.<\/p>\n<p>Trata sobre algo m\u00e1s profundo:<\/p>\n<ul>\n<li>La responsabilidad de los padres<\/li>\n<li>La obligaci\u00f3n de las autoridades<\/li>\n<li>Y la confianza de la ciudadan\u00eda en el sistema<\/li>\n<\/ul>\n<p>Cuando hay evidencia, riesgo y denuncia formal, la respuesta no puede ser ambigua.<\/p>\n<hr \/>\n<h2><strong>El llamado es claro.<\/strong><\/h2>\n<p>La ciudadan\u00eda exige:<\/p>\n<ul>\n<li>Que se investigue con objetividad<\/li>\n<li>Que se proteja al menor<\/li>\n<li>S<\/li>\n<li>Y que la ley se aplique sin desviaciones<\/li>\n<\/ul>\n<p>Porque cuando se trata de la vida de un ni\u00f1o,<br \/>\n<strong>no hay espacio para interpretaciones tibias ni respuestas a medias.<\/strong><\/p>\n<p>&nbsp;<\/p>\n<h4>Ver tambi\u00e9n:\u00a0<a href=\"https:\/\/ij-alliance.com\/informatevelatam\/nino-de-seis-anos-en-moto-de-carrera-en-via-publica-con-venia-de-sus-progenitores\/\" target=\"_blank\" rel=\"noopener\">Ni\u00f1o de seis a\u00f1os en moto de carrera en v\u00eda p\u00fablica con venia de sus progenitores<\/a><\/h4>\n","protected":false},"excerpt":{"rendered":"<p>&nbsp; Por Ivonne Espinosa de Ch\u00f3ez &#8211; Periodista Profesional. \u00a0 \u00a0 \u00a0 \u00a0Directora de Theios Parrhes\u00eda &#8211; filial de IJ Alliance. &nbsp; Un ni\u00f1o en una moto, una familia bajo amenaza y una investigaci\u00f3n que genera m\u00e1s dudas que certezas &nbsp; En Pelileo, un caso que deber\u00eda encender todas las alarmas sobre protecci\u00f3n infantil y [&hellip;]<\/p>\n","protected":false},"author":2,"featured_media":5322,"comment_status":"open","ping_status":"open","sticky":false,"template":"","format":"standard","meta":{"site-sidebar-layout":"default","site-content-layout":"","ast-site-content-layout":"default","site-content-style":"default","site-sidebar-style":"default","ast-global-header-display":"","ast-banner-title-visibility":"","ast-main-header-display":"","ast-hfb-above-header-display":"","ast-hfb-below-header-display":"","ast-hfb-mobile-header-display":"","site-post-title":"","ast-breadcrumbs-content":"","ast-featured-img":"","footer-sml-layout":"","ast-disable-related-posts":"","theme-transparent-header-meta":"default","adv-header-id-meta":"","stick-header-meta":"","header-above-stick-meta":"","header-main-stick-meta":"","header-below-stick-meta":"","astra-migrate-meta-layouts":"set","ast-page-background-enabled":"default","ast-page-background-meta":{"desktop":{"background-color":"","background-image":"","background-repeat":"repeat","background-position":"center center","background-size":"auto","background-attachment":"scroll","background-type":"","background-media":"","overlay-type":"","overlay-color":"","overlay-opacity":"","overlay-gradient":""},"tablet":{"background-color":"","background-image":"","background-repeat":"repeat","background-position":"center center","background-size":"auto","background-attachment":"scroll","background-type":"","background-media":"","overlay-type":"","overlay-color":"","overlay-opacity":"","overlay-gradient":""},"mobile":{"background-color":"","background-image":"","background-repeat":"repeat","background-position":"center center","background-size":"auto","background-attachment":"scroll","background-type":"","background-media":"","overlay-type":"","overlay-color":"","overlay-opacity":"","overlay-gradient":""}},"ast-content-background-meta":{"desktop":{"background-color":"var(--ast-global-color-5)","background-image":"","background-repeat":"repeat","background-position":"center center","background-size":"auto","background-attachment":"scroll","background-type":"","background-media":"","overlay-type":"","overlay-color":"","overlay-opacity":"","overlay-gradient":""},"tablet":{"background-color":"var(--ast-global-color-5)","background-image":"","background-repeat":"repeat","background-position":"center center","background-size":"auto","background-attachment":"scroll","background-type":"","background-media":"","overlay-type":"","overlay-color":"","overlay-opacity":"","overlay-gradient":""},"mobile":{"background-color":"var(--ast-global-color-5)","background-image":"","background-repeat":"repeat","background-position":"center center","background-size":"auto","background-attachment":"scroll","background-type":"","background-media":"","overlay-type":"","overlay-color":"","overlay-opacity":"","overlay-gradient":""}},"footnotes":""},"categories":[1076,5,853,506],"tags":[],"class_list":["post-5321","post","type-post","status-publish","format-standard","has-post-thumbnail","hentry","category-destapando-ollas-de-grillos","category-informate","category-poniendo-el-dedo-en-la-llaga","category-reportajes-de-informa-te-ve-latam"],"_links":{"self":[{"href":"https:\/\/ij-alliance.com\/informatevelatam\/wp-json\/wp\/v2\/posts\/5321","targetHints":{"allow":["GET"]}}],"collection":[{"href":"https:\/\/ij-alliance.com\/informatevelatam\/wp-json\/wp\/v2\/posts"}],"about":[{"href":"https:\/\/ij-alliance.com\/informatevelatam\/wp-json\/wp\/v2\/types\/post"}],"author":[{"embeddable":true,"href":"https:\/\/ij-alliance.com\/informatevelatam\/wp-json\/wp\/v2\/users\/2"}],"replies":[{"embeddable":true,"href":"https:\/\/ij-alliance.com\/informatevelatam\/wp-json\/wp\/v2\/comments?post=5321"}],"version-history":[{"count":2,"href":"https:\/\/ij-alliance.com\/informatevelatam\/wp-json\/wp\/v2\/posts\/5321\/revisions"}],"predecessor-version":[{"id":5324,"href":"https:\/\/ij-alliance.com\/informatevelatam\/wp-json\/wp\/v2\/posts\/5321\/revisions\/5324"}],"wp:featuredmedia":[{"embeddable":true,"href":"https:\/\/ij-alliance.com\/informatevelatam\/wp-json\/wp\/v2\/media\/5322"}],"wp:attachment":[{"href":"https:\/\/ij-alliance.com\/informatevelatam\/wp-json\/wp\/v2\/media?parent=5321"}],"wp:term":[{"taxonomy":"category","embeddable":true,"href":"https:\/\/ij-alliance.com\/informatevelatam\/wp-json\/wp\/v2\/categories?post=5321"},{"taxonomy":"post_tag","embeddable":true,"href":"https:\/\/ij-alliance.com\/informatevelatam\/wp-json\/wp\/v2\/tags?post=5321"}],"curies":[{"name":"wp","href":"https:\/\/api.w.org\/{rel}","templated":true}]}}