{"id":5325,"date":"2026-04-30T07:45:20","date_gmt":"2026-04-30T12:45:20","guid":{"rendered":"https:\/\/ij-alliance.com\/informatevelatam\/?p=5325"},"modified":"2026-04-30T18:17:33","modified_gmt":"2026-04-30T23:17:33","slug":"jesus-eucaristia-santa-misa-y-liturgia-de-la-palabra-del-jueves-de-la-iv-semana-de-pascua-30042026","status":"publish","type":"post","link":"https:\/\/ij-alliance.com\/informatevelatam\/jesus-eucaristia-santa-misa-y-liturgia-de-la-palabra-del-jueves-de-la-iv-semana-de-pascua-30042026\/","title":{"rendered":"Jes\u00fas Eucarist\u00eda &#8211; Santa Misa y Liturgia de La Palabra del Jueves de la IV Semana de Pascua 30042026"},"content":{"rendered":"<p><em><strong>Imagen: Sant\u00edsimo Sacramento del Altar, Iglesia San Pedro de Pelileo, Tungurahua. Theios Parrhes\u00eda.<\/strong><\/em><\/p>\n<p>&nbsp;<\/p>\n<p><img fetchpriority=\"high\" decoding=\"async\" class=\"alignnone  wp-image-4602\" src=\"https:\/\/ij-alliance.com\/informatevelatam\/wp-content\/uploads\/2026\/01\/nuevo-logo-con-logo-de-Theios-Parrhesia-de-Santa-Misa-2-300x300.png\" alt=\"\" width=\"643\" height=\"643\" srcset=\"https:\/\/ij-alliance.com\/informatevelatam\/wp-content\/uploads\/2026\/01\/nuevo-logo-con-logo-de-Theios-Parrhesia-de-Santa-Misa-2-300x300.png 300w, https:\/\/ij-alliance.com\/informatevelatam\/wp-content\/uploads\/2026\/01\/nuevo-logo-con-logo-de-Theios-Parrhesia-de-Santa-Misa-2-150x150.png 150w, https:\/\/ij-alliance.com\/informatevelatam\/wp-content\/uploads\/2026\/01\/nuevo-logo-con-logo-de-Theios-Parrhesia-de-Santa-Misa-2-768x768.png 768w, https:\/\/ij-alliance.com\/informatevelatam\/wp-content\/uploads\/2026\/01\/nuevo-logo-con-logo-de-Theios-Parrhesia-de-Santa-Misa-2.png 1024w\" sizes=\"(max-width: 643px) 100vw, 643px\" \/><\/p>\n<p>&nbsp;<\/p>\n<h3>Santa Misa presidida por el\u00a0\u00a0<a href=\"https:\/\/www.youtube.com\/watch?v=RYGW78bTjcE\" target=\"_blank\" rel=\"noopener\">Presb\u00edtero Mart\u00edn \u00c1valos Maga\u00f1a,\u00a0<\/a>desde la parroquia Madre de El Salvador, ciudad de Santa Ana, El Salvador.<\/h3>\n<p>&nbsp;<\/p>\n<p><iframe title=\"YouTube video player\" src=\"https:\/\/www.youtube.com\/embed\/RYGW78bTjcE?si=f9c8XAnrw1ztJVVg\" width=\"560\" height=\"315\" frameborder=\"0\" allowfullscreen=\"allowfullscreen\"><\/iframe><\/p>\n<p>&nbsp;<\/p>\n<h3>Santa Misa presidida por el\u00a0\u00a0<a href=\"https:\/\/www.youtube.com\/watch?v=lUJU0NUYB_I\" target=\"_blank\" rel=\"noopener\">Presb\u00edtero Jos\u00e9 Arturo L\u00f3pez Cornejo,\u00a0<\/a>desde el Templo desde el pueblo de La Mojonera, estado de Guerrero, M\u00e9xico.<\/h3>\n<p>&nbsp;<\/p>\n<p><iframe title=\"YouTube video player\" src=\"https:\/\/www.youtube.com\/embed\/lUJU0NUYB_I?si=Ktq4bwI1kxeCydz2\" width=\"560\" height=\"315\" frameborder=\"0\" allowfullscreen=\"allowfullscreen\"><\/iframe><\/p>\n<p>&nbsp;<\/p>\n<h3>Santa Misa presidida por el padre\u00a0<a href=\"https:\/\/www.youtube.com\/watch?v=iis9zavYVx4\" target=\"_blank\" rel=\"noopener\">Rodrigo Carrizo<\/a>\u00a0transmitida desde la Capilla del Se\u00f1or Jes\u00fas en nuestro canal Tele VID.<\/h3>\n<p>&nbsp;<\/p>\n<p><iframe title=\"YouTube video player\" src=\"https:\/\/www.youtube.com\/embed\/iis9zavYVx4?si=lp-Vaw7_aeB2CtEa\" width=\"560\" height=\"315\" frameborder=\"0\" allowfullscreen=\"allowfullscreen\"><\/iframe><\/p>\n<p>&nbsp;<\/p>\n<h3>Liturgia de la Palabra del Jueves de la IV Semana de Pascua.<\/h3>\n<p>&nbsp;<\/p>\n<p><strong>Compartido por el P. Roberto Rodr\u00edguez, Rector del\u00a0<a href=\"https:\/\/seminariomayor.org\/seminar\/\" target=\"_blank\" rel=\"noopener\">Seminario Mayor de Guayaquil \u00abFrancisco Xavier de Garaycoa\u00bb<\/a><\/strong><\/p>\n<p>&nbsp;<\/p>\n<h4>Lectura del libro de los Hechos de los ap\u00f3stoles 13, 13-25.<\/h4>\n<p>&nbsp;<\/p>\n<p>Pablo y sus compa\u00f1eros se hicieron a la mar en Pafos y llegaron a Perge de Panfilia. Juan los dejo y se volvio a Jerusal\u00e9n; ellos, en cambio, continuaron y desde Perge llegaron a Antioqu\u00eda de Pisidia. El s\u00e1bado entraron en la sinagoga y tomaron asiento. Acabada la lectura de la Ley y de los Profetas, los jefes de la sinagoga les mandaron a unos que les dijeran:<br \/>\n\u00abHermanos, si ten\u00e9is una palabra de exhortaci\u00f3n para el pueblo, hablad\u00bb.<br \/>\nPablo se puso en pie y, haciendo se\u00f1a con la mano de que se callaran, dijo:<br \/>\n\u00abIsraelitas y los que tem\u00e9is a Dios, escuchad: El Dios de este pueblo, Israel, eligi\u00f3 a nuestros padres y multiplic\u00f3 al pueblo cuando viv\u00edan como forasteros en Egipto. Los sac\u00f3 de all\u00ed con brazo poderoso; unos cuarenta a\u00f1os \u201clos cuid\u00f3 en el desierto\u201d, \u201caniquil\u00f3 siete naciones en la tierra de Cana\u00e1n y les dio en herencia\u201d su territorio; todo ello en el espacio de unos cuatrocientos cincuenta a\u00f1os. Luego les dio jueces hasta el profeta Samuel. Despu\u00e9s pidieron un rey, y Dios les dio a Sa\u00fal, hijo de Quis, de la tribu de Benjam\u00edn, durante cuarenta a\u00f1os. Lo depuso y les suscit\u00f3 como rey a David, en favor del cual dio testimonio, diciendo: \u201cEncontr\u00e9 a David\u201d, hijo de Jes\u00e9, \u201chombre conforme a mi coraz\u00f3n, que cumplir\u00e1 todos mis preceptos\u201d.<br \/>\nSeg\u00fan lo prometido, Dios sac\u00f3 de su descendencia un salvador para Israel: Jes\u00fas. Juan predic\u00f3 a todo Israel un bautismo de conversi\u00f3n antes de que llegara Jes\u00fas; y, cuando Juan estaba para concluir el curso de su vida, dec\u00eda: \u201cYo no soy quien pens\u00e1is, pero, mirad, viene uno detr\u00e1s de m\u00ed a quien no merezco desatarle las sandalias de los pies\u201d\u00bb.<\/p>\n<p><strong>Palabra de Dios.<\/strong><\/p>\n<p><strong>Te alabamos Se\u00f1or.<\/strong><\/p>\n<p>&nbsp;<\/p>\n<h5>Reflexi\u00f3n de la primera Lectura<\/h5>\n<p>&nbsp;<\/p>\n<p>En este pasaje vemos lo importante que es tener un conocimiento profundo de las Sagradas Escrituras, pues \u00e9stas son el fundamento de nuestra predicaci\u00f3n y de nuestro testimonio para los dem\u00e1s. Quiz\u00e1s uno de los motivos por los que no hemos logrado establecer en nuestro medio una cultura profundamente cristiana, es el hecho de que pocos cristianos realmente conocen la Sagrada Escritura. Esto hace que no haya un punto de referencia adecuado que haga prevalecer en un determinado momento los valores cristianos, e incluso que nuestro testimonio o nuestro di\u00e1logo con aquellos que no comparten nuestra fe, no encuentren un s\u00f3lido fundamento. Dediquemos todos los d\u00edas al menos quince minutos para conocer la Sagrada Escritura, es decir, para conocer a Dios y su proyecto de amor para nosotros.<\/p>\n<p>&nbsp;<\/p>\n<h4>Salmo 88, 2-3. 21-22. 25. 27<\/h4>\n<p>&nbsp;<\/p>\n<h4>R\/. Cantar\u00e9 eternamente tus misericordias, Se\u00f1or<\/h4>\n<p>&nbsp;<\/p>\n<p>Cantar\u00e9 eternamente las misericordias del Se\u00f1or,<br \/>\nanunciar\u00e9 tu fidelidad por todas las edades.<br \/>\nPorque dijiste: \u00abLa misericordia es un edificio eterno\u00bb,<br \/>\nm\u00e1s que el cielo has afianzado tu fidelidad. R\/.<\/p>\n<p>Encontr\u00e9 a David, mi siervo,<br \/>\ny lo he ungido con \u00f3leo sagrado;<br \/>\npara que mi mano est\u00e9 siempre con \u00e9l<br \/>\ny mi brazo lo haga valeroso. R\/.<\/p>\n<p>Mi fidelidad y misericordia lo acompa\u00f1ar\u00e1n,<br \/>\npor mi nombre crecer\u00e1 su poder.<br \/>\n\u00c9l me invocar\u00e1: \u00abT\u00fa eres mi padre,<br \/>\nmi Dios, mi Roca salvadora\u00bb. R\/.<\/p>\n<p>&nbsp;<\/p>\n<h4>Lectura del Santo Evangelio seg\u00fan san Juan 13, 16-20.<\/h4>\n<p>&nbsp;<\/p>\n<p>En aquel tiempo, despu\u00e9s de lavarles los pies a sus disc\u00edpulos, Jes\u00fas les dijo:<\/p>\n<p>\u00abYo les aseguro: el sirviente no es m\u00e1s importante que su amo, ni el enviado es mayor que quien lo env\u00eda. Si entienden esto y lo ponen en pr\u00e1ctica, ser\u00e1n dichosos.<\/p>\n<p>No lo digo por todos ustedes, porque yo s\u00e9 a qui\u00e9nes he escogido. Pero esto es para que se cumpla el pasaje de la Escritura, que dice: El que comparte mi pan me ha traicionado. Les digo esto ahora, antes de que suceda, para que, cuando suceda, crean que Yo Soy.<\/p>\n<p>Yo les aseguro: el que recibe al que yo env\u00edo, me recibe a m\u00ed; y el que me recibe a m\u00ed, recibe al que me ha enviado\u00bb.<\/p>\n<p><strong>Palabra de El Se\u00f1or.<\/strong><\/p>\n<p><strong>Gloria y Honor a Ti, Se\u00f1or Jes\u00fas.<\/strong><\/p>\n<p>&nbsp;<\/p>\n<h5>Reflexi\u00f3n del Santo Evangelio<\/h5>\n<p>&nbsp;<\/p>\n<p>Yo les aseguro que el sirviente no es m\u00e1s importante que su amo, ni el enviado es mayor que quien lo env\u00eda. Si entienden esto y lo ponen en pr\u00e1ctica, ser\u00e1n dichosos. Estas palabras, este pasaje del Evangelio deja mucho qu\u00e9 pensar, sobre todo en este mundo que quien tiene m\u00e1s o tiene un cargo m\u00e1s importante, al parecer lo es todo; Cristo nos dice: \u2018el siervo, no es m\u00e1s que su amo, ni el enviado m\u00e1s que quien lo env\u00eda\u2019.<\/p>\n<p>Hay una canci\u00f3n que dice todos somos iguales a los ojos de Dios. Si nosotros logr\u00e1ramos ver y vivir esto, vivir\u00edamos en un mundo mucho m\u00e1s justo, m\u00e1s amable, m\u00e1s sereno. Y esto apliqu\u00e9moslo a nuestro mundo, nuestro mundo de cinco personas con los que me siento a la mesa: familia, amigos, sociedad, colegio, trabajo.<\/p>\n<p>Bajarnos de ese pedestal que nos sube nuestro ego, que nosotros mismos nos subimos, ver a todo quien me rodea como igual, y m\u00e1s a\u00fan, servir y sonre\u00edrle a todos, no hagamos diferencia ni busquemos que hagan diferencia con nosotros: todos somos hijos de Dios, por lo tanto, amemos y sirvamos a todos por igual.<\/p>\n<p>No buscar ni t\u00edtulos, ni gloria, servir y amar a todos por igual porque entonces seremos dichosos. Te invito hoy a mirar, a mirar de frente a frente, al mundo que tienes, mirarlos a los ojos, sonre\u00edr y darle las gracias. Aprendamos a mirarnos a los ojos, mirarnos a todos por igual para ser dichosos a los ojos de Dios.<\/p>\n<p>Esta reflexi\u00f3n del Evangelio fue escrita por:<br \/>\nPaola Trevi\u00f1o, consagrada del Regnum Christi. En colaboraci\u00f3n con Evangelizaci\u00f3n Activa.<\/p>\n<p>Permite que el amor de Dios llene hoy tu vida. \u00c1brele tu coraz\u00f3n, como Mar\u00eda, todo por Jes\u00fas y para Jes\u00fas.<br \/>\n<strong>Pbro. Ernesto Mar\u00eda Caro.<\/strong><\/p>\n<p>Bendiciones para ti y toda tu familia.<br \/>\nQue tengas un excelente d\u00eda con Jes\u00fas, Jos\u00e9 y Mar\u00eda.<\/p>\n<p>&nbsp;<\/p>\n<h3>Hoy Jueves Sacerdotal y Eucar\u00edstico, Jes\u00fas, te espera en el Sant\u00edsimo Sacramento del Altar. Compartimos la transmisi\u00f3n en vivo 24\/7 desde la parroquia San Alberto Magno, Di\u00f3cesis de Daule, provincia del Guayas, Ecuador.<\/h3>\n<p>&nbsp;<\/p>\n<p><iframe title=\"YouTube video player\" src=\"https:\/\/www.youtube.com\/embed\/UXI0movGsHs?si=ldRGdRksRii8qoc9\" width=\"560\" height=\"315\" frameborder=\"0\" allowfullscreen=\"allowfullscreen\"><\/iframe><\/p>\n<p>&nbsp;<\/p>\n<p><img decoding=\"async\" class=\"alignnone wp-image-5326\" src=\"https:\/\/ij-alliance.com\/informatevelatam\/wp-content\/uploads\/2026\/04\/ORACION-JUEVES-30042026-300x265.jpeg\" alt=\"\" width=\"644\" height=\"569\" srcset=\"https:\/\/ij-alliance.com\/informatevelatam\/wp-content\/uploads\/2026\/04\/ORACION-JUEVES-30042026-300x265.jpeg 300w, https:\/\/ij-alliance.com\/informatevelatam\/wp-content\/uploads\/2026\/04\/ORACION-JUEVES-30042026-1024x906.jpeg 1024w, https:\/\/ij-alliance.com\/informatevelatam\/wp-content\/uploads\/2026\/04\/ORACION-JUEVES-30042026-768x680.jpeg 768w, https:\/\/ij-alliance.com\/informatevelatam\/wp-content\/uploads\/2026\/04\/ORACION-JUEVES-30042026.jpeg 1207w\" sizes=\"(max-width: 644px) 100vw, 644px\" \/><\/p>\n<p>&nbsp;<\/p>\n<h3>Homil\u00eda de hoy con\u00a0<a href=\"https:\/\/www.youtube.com\/watch?v=W-54JaQ63Jo\" target=\"_blank\" rel=\"noopener\">Monse\u00f1or Jos\u00e9 Ignacio Munilla<\/a>, obispo de Orihuela-Alicante, Espa\u00f1a.<\/h3>\n<p>&nbsp;<\/p>\n<p><iframe title=\"YouTube video player\" src=\"https:\/\/www.youtube.com\/embed\/W-54JaQ63Jo?si=p2uSTY3XdLTddWSq\" width=\"560\" height=\"315\" frameborder=\"0\" allowfullscreen=\"allowfullscreen\"><\/iframe><\/p>\n<p>&nbsp;<\/p>\n<h3>Homil\u00eda de hoy con el\u00a0<a href=\"https:\/\/www.youtube.com\/watch?v=k3FP22jLtd0&amp;t=491s\" target=\"_blank\" rel=\"noopener\">P. Javier Carral\u00f3n<\/a>, Sacerdote del Instituto Secular Stabat Mater, Guadalajara, Jalisco, M\u00e9xico.<\/h3>\n<p>&nbsp;<\/p>\n<p><iframe title=\"YouTube video player\" src=\"https:\/\/www.youtube.com\/embed\/k3FP22jLtd0?si=Xi-oITyMz4v-ZLF4\" width=\"560\" height=\"315\" frameborder=\"0\" allowfullscreen=\"allowfullscreen\"><\/iframe><\/p>\n<p>&nbsp;<\/p>\n<h3>Homil\u00eda de hoy con el\u00a0<a href=\"https:\/\/www.youtube.com\/watch?v=VvAf4eTSQq0\" target=\"_blank\" rel=\"noopener\">P. Santiago Mart\u00edn,<\/a>\u00a0Franciscanos de Mar\u00eda, Magnificat.TV desde Madrid, Espa\u00f1a.<\/h3>\n<p>&nbsp;<\/p>\n<p><iframe title=\"YouTube video player\" src=\"https:\/\/www.youtube.com\/embed\/VvAf4eTSQq0?si=yPZydIh76Q4d5a5m\" width=\"560\" height=\"315\" frameborder=\"0\" allowfullscreen=\"allowfullscreen\"><\/iframe><\/p>\n<p>&nbsp;<\/p>\n<h3 class=\"style-scope ytd-watch-metadata\">Evangelio del d\u00eda | <a href=\"https:\/\/www.youtube.com\/watch?v=7MRgOeRD7w4\" target=\"_blank\" rel=\"noopener\">Padre Mart\u00edn \u00c1valos<\/a>, parroquia Madre de El Salvador, ciudad de Santa Ana, El Salvador. 30 de abril de 2026<\/h3>\n<p>&nbsp;<\/p>\n<p><iframe title=\"YouTube video player\" src=\"https:\/\/www.youtube.com\/embed\/7MRgOeRD7w4?si=odkC5gs_dOa5ts01\" width=\"560\" height=\"315\" frameborder=\"0\" allowfullscreen=\"allowfullscreen\"><\/iframe><\/p>\n<p>&nbsp;<\/p>\n<h3>Durante la Pascua hasta el d\u00eda de Pentecost\u00e9s rezaremos la oraci\u00f3n \u00ab<em>Regina Caeli<\/em>\u00bb en vez del \u00c1ngelus .<\/h3>\n<p>&nbsp;<\/p>\n<p><img decoding=\"async\" class=\"alignnone wp-image-5168\" src=\"https:\/\/ij-alliance.com\/informatevelatam\/wp-content\/uploads\/2026\/04\/Reina-del-Cielo-con-el-nino-Jesus-200x300.png\" sizes=\"(max-width: 633px) 100vw, 633px\" srcset=\"https:\/\/ij-alliance.com\/informatevelatam\/wp-content\/uploads\/2026\/04\/Reina-del-Cielo-con-el-nino-Jesus-200x300.png 200w, https:\/\/ij-alliance.com\/informatevelatam\/wp-content\/uploads\/2026\/04\/Reina-del-Cielo-con-el-nino-Jesus-683x1024.png 683w, https:\/\/ij-alliance.com\/informatevelatam\/wp-content\/uploads\/2026\/04\/Reina-del-Cielo-con-el-nino-Jesus-768x1152.png 768w, https:\/\/ij-alliance.com\/informatevelatam\/wp-content\/uploads\/2026\/04\/Reina-del-Cielo-con-el-nino-Jesus.png 1024w\" alt=\"\" width=\"633\" height=\"950\" \/><\/p>\n<p>&nbsp;<\/p>\n<p><strong>ESPA\u00d1OL<\/strong><\/p>\n<p><strong>G:<\/strong>\u00a0Reina del cielo, al\u00e9grate, aleluya.<br \/>\n<strong>T:<\/strong>\u00a0Porque el Se\u00f1or, a quien has llevado en tu vientre, aleluya.<\/p>\n<p><strong>G:<\/strong>\u00a0Ha resucitado seg\u00fan su palabra, aleluya.<br \/>\n<strong>T:<\/strong>\u00a0Ruega al Se\u00f1or por nosotros, aleluya.<\/p>\n<p><strong>G:<\/strong>\u00a0Goza y al\u00e9grate Virgen Mar\u00eda, aleluya.<br \/>\n<strong>T:<\/strong>\u00a0Porque en verdad ha resucitado el Se\u00f1or, aleluya.<\/p>\n<p><strong>Oremos:<\/strong><br \/>\nOh Dios, que por la resurrecci\u00f3n de Tu Hijo, Nuestro Se\u00f1or Jesucristo, has llenado el mundo de alegr\u00eda, conc\u00e9denos, por intercesi\u00f3n de su Madre, la Virgen Mar\u00eda, llegar a los gozos eternos. Por Jesucristo Nuestro Se\u00f1or. Amen.<\/p>\n<p>Gloria al Padre y al Hijo y al Esp\u00edritu Santo, como era en el principio ahora y siempre por los siglos de los siglos. Amen. (tres veces)<\/p>\n<p>________________________________________________________________________<\/p>\n<p><strong>LAT\u00cdN<\/strong><\/p>\n<p><strong>V:\u00a0<\/strong>Regina caeli, laetare, alleluia.<br \/>\n<strong>R:\u00a0<\/strong>Quia quem meruisti portare, alleluia.<\/p>\n<p><strong>V:\u00a0<\/strong>Resurrexit, sicut dixit, alleluia.<br \/>\n<strong>R:\u00a0<\/strong>Ora pro nobis Deum, alleluia.<\/p>\n<p><strong>V:\u00a0<\/strong>Gaude et laetare Virgo Mar\u00eda, alleluia.<br \/>\n<strong>R:\u00a0<\/strong>Quia surrexit Dominus vere, alleluia.<\/p>\n<p><strong>Oremus:<\/strong><br \/>\nDeus, qui per resurrectionem Filii tui, Domini nostri Iesu Christi, mundum laetificare dignatus es: praesta, quaesumus; ut, per eius Genetricem Virginem Mariam, perpetuae capiamus gaudia vitae. Per eundem Christum Dominum nostrum. Amen.<\/p>\n<p>Gloria Patri, et Fili, et Spiritui Sancto. Sicut erat in principio, et nunc et semper, et in saeccula saeculorum. Amen. (3 veces)<\/p>\n<p><em>Benedicto XIV estableci\u00f3, en 1742, que durante el tiempo Pascual (desde la Resurrecci\u00f3n del Se\u00f1or hasta el d\u00eda de Pentecost\u00e9s) se sustituyera el rezo del \u00c1ngelus por la ant\u00edfona \u00abRegina Caeli\u00bb.<\/em><\/p>\n<p>&nbsp;<\/p>\n<h3>Reflexi\u00f3n:\u00a0<a href=\"https:\/\/www.youtube.com\/watch?v=wEaA-Hlqf8E&amp;list=PL5fSZ8ew13hDZsdpeharoCaLqVhpgCUIT&amp;index=24\" target=\"_blank\" rel=\"noopener\">Medios para conservar la paz interior &#8211; la paciencia en las distracciones<\/a>, con el P. Jos\u00e9 Gabriel Ansaldi, (OSE), desde Paj\u00e1n, Ecuador.<\/h3>\n<p>&nbsp;<\/p>\n<p><iframe title=\"YouTube video player\" src=\"https:\/\/www.youtube.com\/embed\/wEaA-Hlqf8E?si=Fz7WPVvnZF5hQtqp\" width=\"560\" height=\"315\" frameborder=\"0\" allowfullscreen=\"allowfullscreen\"><\/iframe><\/p>\n<p>&nbsp;<\/p>\n<h3>Conozcamos a la santa de hoy,\u00a0<strong class=\"Yjhzub\" data-sfc-root=\"c\" data-sfc-cb=\"\" data-processed=\"true\">San P\u00edo V con el P. Jos\u00e9 de Jes\u00fas Aguilar Vald\u00e9s y desde M\u00e9xico y El santo del d\u00eda.<\/strong><\/h3>\n<p>&nbsp;<\/p>\n<p><iframe title=\"YouTube video player\" src=\"https:\/\/www.youtube.com\/embed\/9ZvzTNgDQ6Y?si=AEU-v7MgMIy0dOHI\" width=\"560\" height=\"315\" frameborder=\"0\" allowfullscreen=\"allowfullscreen\"><\/iframe><\/p>\n<p><iframe title=\"YouTube video player\" src=\"https:\/\/www.youtube.com\/embed\/2nm5QwkG7aY?si=MLbu70D1EBq8nowg\" width=\"560\" height=\"315\" frameborder=\"0\" allowfullscreen=\"allowfullscreen\"><\/iframe><\/p>\n<p>&nbsp;<\/p>\n<h3>Recemos juntos el Santo Rosario en lat\u00edn con el\u00a0<a href=\"https:\/\/www.youtube.com\/@ProyectoDominusTecum\" target=\"_blank\" rel=\"noopener\">\u00a0Proyecto Dominus Tecum<\/a><\/h3>\n<p>&nbsp;<\/p>\n<h3>Hoy contemplamos los\u00a0<a href=\"https:\/\/www.youtube.com\/watch?v=LBG2mVAdh_I&amp;t=18s\" target=\"_blank\" rel=\"noopener\">Misterios Luminosos.<\/a><\/h3>\n<p>&nbsp;<\/p>\n<p><iframe title=\"YouTube video player\" src=\"https:\/\/www.youtube.com\/embed\/LBG2mVAdh_I?si=mEgJ0kZjMO_15Dj3\" width=\"560\" height=\"315\" frameborder=\"0\" allowfullscreen=\"allowfullscreen\"><\/iframe><\/p>\n<p>&nbsp;<\/p>\n<h4>Ver tambi\u00e9n:\u00a0\u00a0<a href=\"https:\/\/liturgiadelashoras.github.io\/sync\/2026\/abr\/30\/\" target=\"_blank\" rel=\"noopener\">Liturgia de Las Horas para hoy Jueves de la IV Semana de Pascua<\/a><\/h4>\n<p>&nbsp;<\/p>\n<h4>Ver tambi\u00e9n:\u00a0<a href=\"https:\/\/ij-alliance.com\/informatevelatam\/santa-catalina-de-siena-santa-misa-y-liturgia-de-la-palabra-del-miercoles-de-la-iv-semana-de-pascua-29042026\/\" target=\"_blank\" rel=\"noopener\">Santa Catalina de Siena \u2013 Santa Misa y Liturgia de La Palabra del Mi\u00e9rcoles de la IV Semana de Pascua 29042026<\/a><\/h4>\n<p>&nbsp;<\/p>\n<h4>Les obsequiamos un especial de Pascua de Resurrecci\u00f3n:\u00a0<a href=\"https:\/\/ij-alliance.com\/informatevelatam\/el-santo-rosario-un-camino-sencillo-para-encontrarse-con-dios\/\" target=\"_blank\" rel=\"noopener\">El Santo Rosario: un camino sencillo para encontrarse con Dios<\/a>, incluye el\u00a0<a href=\"https:\/\/drive.google.com\/file\/d\/1N-aO1kZuz4C1Uyl-4X_u7-VRaBdLHdIY\/view\" target=\"_blank\" rel=\"noopener\">Santo Rosario en lat\u00edn y espa\u00f1ol \u2013 Theios Parrhes\u00eda<\/a>\u00a0para ver y descargar.<\/h4>\n","protected":false},"excerpt":{"rendered":"<p>Imagen: Sant\u00edsimo Sacramento del Altar, Iglesia San Pedro de Pelileo, Tungurahua. Theios Parrhes\u00eda. &nbsp; &nbsp; Santa Misa presidida por el\u00a0\u00a0Presb\u00edtero Mart\u00edn \u00c1valos Maga\u00f1a,\u00a0desde la parroquia Madre de El Salvador, ciudad de Santa Ana, El Salvador. &nbsp; &nbsp; Santa Misa presidida por el\u00a0\u00a0Presb\u00edtero Jos\u00e9 Arturo L\u00f3pez Cornejo,\u00a0desde el Templo desde el pueblo de La Mojonera, estado [&hellip;]<\/p>\n","protected":false},"author":2,"featured_media":4793,"comment_status":"open","ping_status":"open","sticky":false,"template":"","format":"standard","meta":{"site-sidebar-layout":"default","site-content-layout":"","ast-site-content-layout":"default","site-content-style":"default","site-sidebar-style":"default","ast-global-header-display":"","ast-banner-title-visibility":"","ast-main-header-display":"","ast-hfb-above-header-display":"","ast-hfb-below-header-display":"","ast-hfb-mobile-header-display":"","site-post-title":"disabled","ast-breadcrumbs-content":"","ast-featured-img":"","footer-sml-layout":"","ast-disable-related-posts":"","theme-transparent-header-meta":"default","adv-header-id-meta":"","stick-header-meta":"","header-above-stick-meta":"","header-main-stick-meta":"","header-below-stick-meta":"","astra-migrate-meta-layouts":"set","ast-page-background-enabled":"default","ast-page-background-meta":{"desktop":{"background-color":"","background-image":"","background-repeat":"repeat","background-position":"center center","background-size":"auto","background-attachment":"scroll","background-type":"","background-media":"","overlay-type":"","overlay-color":"","overlay-opacity":"","overlay-gradient":""},"tablet":{"background-color":"","background-image":"","background-repeat":"repeat","background-position":"center center","background-size":"auto","background-attachment":"scroll","background-type":"","background-media":"","overlay-type":"","overlay-color":"","overlay-opacity":"","overlay-gradient":""},"mobile":{"background-color":"","background-image":"","background-repeat":"repeat","background-position":"center center","background-size":"auto","background-attachment":"scroll","background-type":"","background-media":"","overlay-type":"","overlay-color":"","overlay-opacity":"","overlay-gradient":""}},"ast-content-background-meta":{"desktop":{"background-color":"var(--ast-global-color-5)","background-image":"","background-repeat":"repeat","background-position":"center center","background-size":"auto","background-attachment":"scroll","background-type":"","background-media":"","overlay-type":"","overlay-color":"","overlay-opacity":"","overlay-gradient":""},"tablet":{"background-color":"var(--ast-global-color-5)","background-image":"","background-repeat":"repeat","background-position":"center center","background-size":"auto","background-attachment":"scroll","background-type":"","background-media":"","overlay-type":"","overlay-color":"","overlay-opacity":"","overlay-gradient":""},"mobile":{"background-color":"var(--ast-global-color-5)","background-image":"","background-repeat":"repeat","background-position":"center center","background-size":"auto","background-attachment":"scroll","background-type":"","background-media":"","overlay-type":"","overlay-color":"","overlay-opacity":"","overlay-gradient":""}},"footnotes":""},"categories":[550,12,1235,2],"tags":[143,795,225,274,1215,808,732,893,417,63,373,543,391,49,48,474,675,316,33,674,881,1214,1085,100,657,224,416,989,1284,68,34,839,1191,923],"class_list":["post-5325","post","type-post","status-publish","format-standard","has-post-thumbnail","hentry","category-100-catolicos","category-misa-diaria","category-pascua-de-resurreccion-2026","category-religioso","tag-arquidiocesis-de-guayaquil","tag-arquidiocesis-de-portoviejo","tag-dei-verbum","tag-diocesis-de-chilpancingo-chilapa","tag-diocesis-de-orihuela-alicante","tag-diocesis-de-santa-ana","tag-espiritualidad-catolica","tag-espiritualidad-catolica-ose","tag-franciscanos-de-maria","tag-iglesia-catolica","tag-iglesia-catolica-de-colombia","tag-iglesia-catolica-de-ecuador","tag-iglesia-catolica-de-mexico","tag-ij-alliance","tag-informa-te-ve-latam","tag-informatevelatam","tag-jueves-eucaristico","tag-jueves-sacerdotal","tag-liturgia-de-la-palabra","tag-magnificat-tv","tag-misterios-luminosos","tag-monsenor-jose-ignacio-munilla","tag-padre-javier-carralon","tag-padre-jose-de-jesus-aguilar-valdes","tag-padre-jose-gabriel-ansaldi","tag-padre-martin-avalos","tag-padre-santiago-martin","tag-radio-san-giovanni","tag-san-pio-v","tag-santa-misa","tag-santa-misa-y-liturgia-de-la-palabra","tag-santo-rosario-en-latin","tag-televid","tag-theios-parrhesia"],"_links":{"self":[{"href":"https:\/\/ij-alliance.com\/informatevelatam\/wp-json\/wp\/v2\/posts\/5325","targetHints":{"allow":["GET"]}}],"collection":[{"href":"https:\/\/ij-alliance.com\/informatevelatam\/wp-json\/wp\/v2\/posts"}],"about":[{"href":"https:\/\/ij-alliance.com\/informatevelatam\/wp-json\/wp\/v2\/types\/post"}],"author":[{"embeddable":true,"href":"https:\/\/ij-alliance.com\/informatevelatam\/wp-json\/wp\/v2\/users\/2"}],"replies":[{"embeddable":true,"href":"https:\/\/ij-alliance.com\/informatevelatam\/wp-json\/wp\/v2\/comments?post=5325"}],"version-history":[{"count":1,"href":"https:\/\/ij-alliance.com\/informatevelatam\/wp-json\/wp\/v2\/posts\/5325\/revisions"}],"predecessor-version":[{"id":5327,"href":"https:\/\/ij-alliance.com\/informatevelatam\/wp-json\/wp\/v2\/posts\/5325\/revisions\/5327"}],"wp:featuredmedia":[{"embeddable":true,"href":"https:\/\/ij-alliance.com\/informatevelatam\/wp-json\/wp\/v2\/media\/4793"}],"wp:attachment":[{"href":"https:\/\/ij-alliance.com\/informatevelatam\/wp-json\/wp\/v2\/media?parent=5325"}],"wp:term":[{"taxonomy":"category","embeddable":true,"href":"https:\/\/ij-alliance.com\/informatevelatam\/wp-json\/wp\/v2\/categories?post=5325"},{"taxonomy":"post_tag","embeddable":true,"href":"https:\/\/ij-alliance.com\/informatevelatam\/wp-json\/wp\/v2\/tags?post=5325"}],"curies":[{"name":"wp","href":"https:\/\/api.w.org\/{rel}","templated":true}]}}